{"id":95557,"date":"2022-11-08T15:38:20","date_gmt":"2022-11-08T13:38:20","guid":{"rendered":"https:\/\/astekjob.fr\/2022\/great-challenge-for-the-planet-mid-term-review-with-our-astek-delegate-thibault-josselin\/"},"modified":"2022-11-14T09:08:43","modified_gmt":"2022-11-14T08:08:43","slug":"great-challenge-for-the-planet-mid-term-review-with-our-astek-delegate-thibault-josselin","status":"publish","type":"post","link":"https:\/\/astekjob.fr\/en\/2022\/great-challenge-for-the-planet-mid-term-review-with-our-astek-delegate-thibault-josselin\/","title":{"rendered":"Great Challenge for the Planet: mid-term review with our Astek delegate, Thibault Josselin"},"content":{"rendered":"<p>[et_pb_section fb_built=&#8221;1&#8243; admin_label=&#8221;Grand D\u00e9fi pour la Plan\u00e8te&#8221; _builder_version=&#8221;4.16&#8243; da_disable_devices=&#8221;off|off|off&#8221; collapsed=&#8221;on&#8221; global_colors_info=&#8221;{}&#8221; da_is_popup=&#8221;off&#8221; da_exit_intent=&#8221;off&#8221; da_has_close=&#8221;on&#8221; da_alt_close=&#8221;off&#8221; da_dark_close=&#8221;off&#8221; da_not_modal=&#8221;on&#8221; da_is_singular=&#8221;off&#8221; da_with_loader=&#8221;off&#8221; da_has_shadow=&#8221;on&#8221;][et_pb_row admin_label=&#8221;Great Challenge for the Planet&#8221; _builder_version=&#8221;4.16&#8243; collapsed=&#8221;on&#8221; global_colors_info=&#8221;{}&#8221;][et_pb_column type=&#8221;4_4&#8243; _builder_version=&#8221;4.16&#8243; global_colors_info=&#8221;{}&#8221;][et_pb_text admin_label=&#8221;Depuis le mois de juin&#8221; _builder_version=&#8221;4.18.1&#8243; global_colors_info=&#8221;{}&#8221;]<\/p>\n<p>Since June, Thibault Josselin has been Astek&#8217;s delegate to the &#8220;Grand D\u00e9fi pour la Plan\u00e8te&#8221; (Great Challenge for the Planet).<\/p>\n<p>4 sessions later, it&#8217;s time to take stock of the investment of this Breton engineer who is committed to making things happen on a daily basis!<\/p>\n<p>[\/et_pb_text][\/et_pb_column][\/et_pb_row][et_pb_row column_structure=&#8221;1_2,1_2&#8243; admin_label=&#8221;Delegate to the Grand Challenge&#8221; _builder_version=&#8221;4.18.1&#8243; _module_preset=&#8221;default&#8221; collapsed=&#8221;on&#8221; global_colors_info=&#8221;{}&#8221;][et_pb_column type=&#8221;1_2&#8243; _builder_version=&#8221;4.18.1&#8243; _module_preset=&#8221;default&#8221; global_colors_info=&#8221;{}&#8221;][et_pb_text admin_label=&#8221;Titre &#8211; D\u00e9l\u00e9gu\u00e9 au Grand D\u00e9fi, c\u2019est-\u00e0-dire ?&#8221; _builder_version=&#8221;4.18.1&#8243; global_colors_info=&#8221;{}&#8221;]<\/p>\n<h1>Delegate to the Grand Challenge, that is?<\/h1>\n<p>[\/et_pb_text][et_pb_text admin_label=&#8221;Pour Thibault, c&#8217;est donner de son temps &#8221; _builder_version=&#8221;4.18.1&#8243; global_colors_info=&#8221;{}&#8221;]<\/p>\n<p>For Thibault, &#8220;it means giving your time to advance a cause that goes beyond the company but in which the company is a stakeholder. These are 12 days spread over 6 months, for a 1<sup>st<\/sup> step: presenting 100 concrete proposals to accelerate the ecological transition of companies. The more the days and the sessions go by, the more we realize that it&#8217;s not going to stop on December 15th.&#8221;<\/p>\n<p>[\/et_pb_text][\/et_pb_column][et_pb_column type=&#8221;1_2&#8243; _builder_version=&#8221;4.18.1&#8243; _module_preset=&#8221;default&#8221; global_colors_info=&#8221;{}&#8221;][et_pb_text admin_label=&#8221;Initiative ind\u00e9pendante&#8221; _builder_version=&#8221;4.18.1&#8243; text_text_color=&#8221;#FFFFFF&#8221; header_text_color=&#8221;#FFFFFF&#8221; background_color=&#8221;#009C49&#8243; custom_padding=&#8221;15px|15px|15px|15px|true|true&#8221; global_colors_info=&#8221;{}&#8221;]<\/p>\n<h1>Le Grand D\u00e9fi pour la plan\u00e8te<\/h1>\n<p>Independent initiative, supported by the French Ministry of Ecological Transition, aimed at bringing together 150 randomly selected French companies to present 100 concrete and realistic proposals to accelerate their ecological transition.<\/p>\n<p>[\/et_pb_text][et_pb_button button_url=&#8221;https:\/\/blog.groupeastek.com\/2022\/grand-defi-pour-la-planete\/&#8221; button_text=&#8221;More information on the Astek blog (in French)&#8221; _builder_version=&#8221;4.18.1&#8243; _module_preset=&#8221;default&#8221; custom_button=&#8221;on&#8221; button_text_color=&#8221;#FFFFFF&#8221; button_bg_color=&#8221;#00C072&#8243; button_icon=&#8221;&#xf57c;||fa||900&#8243; button_icon_color=&#8221;#FFFFFF&#8221; global_colors_info=&#8221;{}&#8221;][\/et_pb_button][\/et_pb_column][\/et_pb_row][et_pb_row admin_label=&#8221;In concrete terms, the delegate participates&#8221; _builder_version=&#8221;4.18.1&#8243; _module_preset=&#8221;default&#8221; collapsed=&#8221;on&#8221; global_colors_info=&#8221;{}&#8221;][et_pb_column type=&#8221;4_4&#8243; _builder_version=&#8221;4.18.1&#8243; _module_preset=&#8221;default&#8221; global_colors_info=&#8221;{}&#8221;][et_pb_text admin_label=&#8221;Concr\u00e8tement, le d\u00e9l\u00e9gu\u00e9 participe&#8221; _builder_version=&#8221;4.18.1&#8243; global_colors_info=&#8221;{}&#8221;]<\/p>\n<p>Concretely, the delegate participates in 6 sessions of 2 days over 6 months, from June to December; each session being punctuated by conferences, collective intelligence workshops and exchanges.<\/p>\n<p>Each session has a specific theme and objective:<\/p>\n<ul>\n<li>Nantes: diagnoses and challenges<\/li>\n<li>Lille: role, responsibilities and impacts of companies<\/li>\n<li>Grenoble: lifting the brakes and defining our objectives<\/li>\n<li>Caen: time for proposals<\/li>\n<li>Montpellier: collegial work on the refinement and selection of proposals, by delegates and experts<\/li>\n<li>Paris (at the Climate Academy): sharing with the entire Grand Challenge ecosystem and political authorities<\/li>\n<\/ul>\n<p>&nbsp;<\/p>\n<p>The exchanges are rich, the first sessions gave rise to a lot of discussions. &#8220;The delegates are not all at the same point in their journey. All have a certain fiber for the environment but which is not expressed in the same way. I have gained a lot in listening and discussion skills,&#8221; explains Thibault. Some delegates are in charge of CSR issues within their company, some are members of management, others, like Thibault, are invested and committed employees. Not everyone has the same level of knowledge, but they all work towards a common goal: to transform the company in a realistic way so that it is respectful of the climate and biodiversity.<\/p>\n<p>[\/et_pb_text][et_pb_text admin_label=&#8221;Titre &#8211; Concr\u00e8tement, comment \u00e7a se passe ?&#8221; _builder_version=&#8221;4.18.1&#8243; global_colors_info=&#8221;{}&#8221;]<\/p>\n<h1>In concrete terms, what happens?<\/h1>\n<p>[\/et_pb_text][et_pb_text admin_label=&#8221;Pour Thibault, la session commence&#8221; _builder_version=&#8221;4.18.1&#8243; global_colors_info=&#8221;{}&#8221;]<\/p>\n<p>For Thibault, &#8220;the session actually starts a week before if you want to do things properly, especially to remember the previous session, the report, the work, the readings recommended by others.&#8221;<\/p>\n<p>Each session is meticulously organized and supervised by the Grand D\u00e9fi volunteer team. The agenda is articulated around 3 stages:<\/p>\n<ul>\n<li>Time for learning with conferences on the climate led by speakers from the region or the host city, scientific organizations such as the IPCC or even inspiring local companies who come to share their policy change and\/or or their best practices.<\/li>\n<li>Time for reflection during workshops in small groups of 10 on all the the company issues: governance, finance and investment, purchase and design, production, indicators&#8230;<\/li>\n<li>Moments of exchange and sharing of information, articles and books between delegates; all reports, works and readings are made available to all on a common database enriched daily.<\/li>\n<\/ul>\n<p>&#8220;Our goal is to find solutions, propose innovative measures or deploy measures already tested and applied in certain companies. The aim is also to move the legislation when necessary &#8211; even if it is not obvious.&#8221;<\/p>\n<p>After 3 sessions more focused on the context and market research, the 4<sup>th<\/sup> session was an opportunity to establish the first proposals, but &#8220;you will still have to be a little patient to learn about them. They will be presented in Paris in mid-December during the 5<sup>th<\/sup> session,&#8221; recalls Thibault.<\/p>\n<p>Pragmatically, the Grand D\u00e9fi aims to lead all French companies towards change, by already embarking 10% of them (by conviction or by legal obligation) in a real ecological transition.< \/p>[\/et_pb_text][\/et_pb_column][\/et_pb_row][et_pb_row column_structure=&#8221;1_2,1_2&#8243; admin_label=&#8221;Thibault&#8217;s message&#8221; _builder_version=&#8221;4.18.1&#8243; _module_preset=&#8221;default&#8221; collapsed=&#8221;on&#8221; global_colors_info=&#8221;{}&#8221;][et_pb_column type=&#8221;1_2&#8243; _builder_version=&#8221;4.18.1&#8243; _module_preset=&#8221;default&#8221; global_colors_info=&#8221;{}&#8221;][et_pb_text admin_label=&#8221;Titre &#8211; Le message de Thibault&#8221; _builder_version=&#8221;4.18.1&#8243; global_colors_info=&#8221;{}&#8221;]<\/p>\n<h1>Thibault&#8217;s message: &#8220;It&#8217;s all about moving forward, each at their own level!&#8221;<\/h1>\n<p>[\/et_pb_text][et_pb_text admin_label=&#8221;Face \u00e0 l\u2019ampleur de la t\u00e2che&#8221; _builder_version=&#8221;4.18.1&#8243; global_colors_info=&#8221;{}&#8221;]<\/p>\n<p>Faced with the magnitude of the task, Thibault wants to be optimistic. &#8220;If we move forward, we can only be right. Like many, I have made enormous progress in my journey during confinement. Favor short circuits, better sort waste, consume local and second-hand. Do I really need to buy new? So many questions that I took more time to ask myself&#8221;<\/p>\n<p>And Thibault is convinced: everyone can do at their level! The Grand Challenge is also used for this: &#8220;we touch companies that touch companies that touch people&#8221;. Beyond the economic approach, it is also an opportunity to benefit from an extraordinary snowball effect.<\/p>\n<p>[\/et_pb_text][\/et_pb_column][et_pb_column type=&#8221;1_2&#8243; _builder_version=&#8221;4.18.1&#8243; _module_preset=&#8221;default&#8221; global_colors_info=&#8221;{}&#8221;][et_pb_text admin_label=&#8221;Thibault&#8221; _builder_version=&#8221;4.18.1&#8243; text_text_color=&#8221;#FFFFFF&#8221; header_text_color=&#8221;#FFFFFF&#8221; background_color=&#8221;#009C49&#8243; custom_padding=&#8221;15px|15px|15px|15px|true|true&#8221; global_colors_info=&#8221;{}&#8221;]<\/p>\n<h1>Thibault<\/h1>\n<p>&nbsp;<\/p>\n<p>Development engineer at Astek since January 2022. Thibault is first and foremost a scientist. It was studies in geology that got him started on environmental subjects.<\/p>\n<p>Today, Thibault describes himself as an &#8220;optimistic activist&#8221; for whom the only way to move the subject forward is by making things happen around you, with your acquaintances and in your company. As a result, applying to represent Astek at the Grand D\u00e9fi was obvious and a chance to participate in a global initiative with a much longer reach.<\/p>\n<p>[\/et_pb_text][\/et_pb_column][\/et_pb_row][et_pb_row admin_label=&#8221;We need to inform&#8221; _builder_version=&#8221;4.18.1&#8243; _module_preset=&#8221;default&#8221; collapsed=&#8221;on&#8221; global_colors_info=&#8221;{}&#8221;][et_pb_column type=&#8221;4_4&#8243; _builder_version=&#8221;4.18.1&#8243; _module_preset=&#8221;default&#8221; global_colors_info=&#8221;{}&#8221;][et_pb_text admin_label=&#8221;Il faut informer&#8221; _builder_version=&#8221;4.18.1&#8243; global_colors_info=&#8221;{}&#8221;]<\/p>\n<p>We need to inform, raise awareness and exchange good practices. And all of Thibault&#8217;s investment is there. Proactive within the Group, he is ready to invest more to multiply exchanges both externally and internally during webinars or workshops, or even by leading working groups with other interested employees&#8230; we&#8217;ll keep watch&#8230;<\/p>\n<p>[\/et_pb_text][\/et_pb_column][\/et_pb_row][\/et_pb_section]<\/p>\n","protected":false},"excerpt":{"rendered":"<p>Since June 2022, Thibault Josselin has been Astek&#8217;s delegate to the &#8220;Grand D\u00e9fi pour la Plan\u00e8te&#8221; (Great Challenge for the Planet). After 4 sessions, it is time to make a first assessment of the investment of this Breton engineer who is committed on a daily basis to make things happen!<\/p>\n","protected":false},"author":98,"featured_media":96762,"comment_status":"closed","ping_status":"closed","sticky":false,"template":"","format":"standard","meta":{"_et_pb_use_builder":"on","_et_pb_old_content":"","_et_gb_content_width":"","footnotes":""},"categories":[70,75],"tags":[],"class_list":["post-95557","post","type-post","status-publish","format-standard","has-post-thumbnail","hentry","category-astekjob-post","category-astekjob"],"yoast_head":"<!-- This site is optimized with the Yoast SEO plugin v27.5 - https:\/\/yoast.com\/product\/yoast-seo-wordpress\/ -->\n<title>Great Challenge for the Planet - Halfway - Astekjob<\/title>\n<meta name=\"description\" content=\"Thibault Josselin is Astek&#039;s delegate to the Grand D\u00e9fi for the planet. After 4 sessions, let&#039;s do a first assessment.\" \/>\n<meta name=\"robots\" content=\"index, follow, max-snippet:-1, max-image-preview:large, max-video-preview:-1\" \/>\n<link rel=\"canonical\" href=\"https:\/\/astekjob.fr\/en\/2022\/great-challenge-for-the-planet-mid-term-review-with-our-astek-delegate-thibault-josselin\/\" \/>\n<meta property=\"og:locale\" content=\"en_US\" \/>\n<meta property=\"og:type\" content=\"article\" \/>\n<meta property=\"og:title\" content=\"Great Challenge for the Planet - Halfway - Astekjob\" \/>\n<meta property=\"og:description\" content=\"Thibault Josselin is Astek&#039;s delegate to the Grand D\u00e9fi for the planet. After 4 sessions, let&#039;s do a first assessment.\" \/>\n<meta property=\"og:url\" content=\"https:\/\/astekjob.fr\/en\/2022\/great-challenge-for-the-planet-mid-term-review-with-our-astek-delegate-thibault-josselin\/\" \/>\n<meta property=\"og:site_name\" content=\"Astekjob\" \/>\n<meta property=\"article:published_time\" content=\"2022-11-08T13:38:20+00:00\" \/>\n<meta property=\"article:modified_time\" content=\"2022-11-14T08:08:43+00:00\" \/>\n<meta property=\"og:image\" content=\"https:\/\/astekjob.fr\/wp-content\/uploads\/2022\/11\/Le-Grand-Defi-pour-la-planete-1.png\" \/>\n\t<meta property=\"og:image:width\" content=\"1500\" \/>\n\t<meta property=\"og:image:height\" content=\"843\" \/>\n\t<meta property=\"og:image:type\" content=\"image\/png\" \/>\n<meta name=\"author\" content=\"Astek\" \/>\n<meta name=\"twitter:card\" content=\"summary_large_image\" \/>\n<meta name=\"twitter:label1\" content=\"Written by\" \/>\n\t<meta name=\"twitter:data1\" content=\"Astek\" \/>\n\t<meta name=\"twitter:label2\" content=\"Est. reading time\" \/>\n\t<meta name=\"twitter:data2\" content=\"7 minutes\" \/>\n<script type=\"application\/ld+json\" class=\"yoast-schema-graph\">{\"@context\":\"https:\\\/\\\/schema.org\",\"@graph\":[{\"@type\":\"Article\",\"@id\":\"https:\\\/\\\/astekjob.fr\\\/en\\\/2022\\\/great-challenge-for-the-planet-mid-term-review-with-our-astek-delegate-thibault-josselin\\\/#article\",\"isPartOf\":{\"@id\":\"https:\\\/\\\/astekjob.fr\\\/en\\\/2022\\\/great-challenge-for-the-planet-mid-term-review-with-our-astek-delegate-thibault-josselin\\\/\"},\"author\":{\"name\":\"Astek\",\"@id\":\"https:\\\/\\\/astekjob.fr\\\/en\\\/#\\\/schema\\\/person\\\/bc86d396b144b9e77e73be0c30af32f0\"},\"headline\":\"Great Challenge for the Planet: mid-term review with our Astek delegate, Thibault Josselin\",\"datePublished\":\"2022-11-08T13:38:20+00:00\",\"dateModified\":\"2022-11-14T08:08:43+00:00\",\"mainEntityOfPage\":{\"@id\":\"https:\\\/\\\/astekjob.fr\\\/en\\\/2022\\\/great-challenge-for-the-planet-mid-term-review-with-our-astek-delegate-thibault-josselin\\\/\"},\"wordCount\":1474,\"publisher\":{\"@id\":\"https:\\\/\\\/astekjob.fr\\\/en\\\/#organization\"},\"image\":{\"@id\":\"https:\\\/\\\/astekjob.fr\\\/en\\\/2022\\\/great-challenge-for-the-planet-mid-term-review-with-our-astek-delegate-thibault-josselin\\\/#primaryimage\"},\"thumbnailUrl\":\"https:\\\/\\\/astekjob.fr\\\/wp-content\\\/uploads\\\/2022\\\/11\\\/Le-Grand-Defi-pour-la-planete-1.png\",\"articleSection\":[\"Astekjob\",\"Astekjob\"],\"inLanguage\":\"en-US\"},{\"@type\":\"WebPage\",\"@id\":\"https:\\\/\\\/astekjob.fr\\\/en\\\/2022\\\/great-challenge-for-the-planet-mid-term-review-with-our-astek-delegate-thibault-josselin\\\/\",\"url\":\"https:\\\/\\\/astekjob.fr\\\/en\\\/2022\\\/great-challenge-for-the-planet-mid-term-review-with-our-astek-delegate-thibault-josselin\\\/\",\"name\":\"Great Challenge for the Planet - Halfway - Astekjob\",\"isPartOf\":{\"@id\":\"https:\\\/\\\/astekjob.fr\\\/en\\\/#website\"},\"primaryImageOfPage\":{\"@id\":\"https:\\\/\\\/astekjob.fr\\\/en\\\/2022\\\/great-challenge-for-the-planet-mid-term-review-with-our-astek-delegate-thibault-josselin\\\/#primaryimage\"},\"image\":{\"@id\":\"https:\\\/\\\/astekjob.fr\\\/en\\\/2022\\\/great-challenge-for-the-planet-mid-term-review-with-our-astek-delegate-thibault-josselin\\\/#primaryimage\"},\"thumbnailUrl\":\"https:\\\/\\\/astekjob.fr\\\/wp-content\\\/uploads\\\/2022\\\/11\\\/Le-Grand-Defi-pour-la-planete-1.png\",\"datePublished\":\"2022-11-08T13:38:20+00:00\",\"dateModified\":\"2022-11-14T08:08:43+00:00\",\"description\":\"Thibault Josselin is Astek's delegate to the Grand D\u00e9fi for the planet. After 4 sessions, let's do a first assessment.\",\"breadcrumb\":{\"@id\":\"https:\\\/\\\/astekjob.fr\\\/en\\\/2022\\\/great-challenge-for-the-planet-mid-term-review-with-our-astek-delegate-thibault-josselin\\\/#breadcrumb\"},\"inLanguage\":\"en-US\",\"potentialAction\":[{\"@type\":\"ReadAction\",\"target\":[\"https:\\\/\\\/astekjob.fr\\\/en\\\/2022\\\/great-challenge-for-the-planet-mid-term-review-with-our-astek-delegate-thibault-josselin\\\/\"]}]},{\"@type\":\"ImageObject\",\"inLanguage\":\"en-US\",\"@id\":\"https:\\\/\\\/astekjob.fr\\\/en\\\/2022\\\/great-challenge-for-the-planet-mid-term-review-with-our-astek-delegate-thibault-josselin\\\/#primaryimage\",\"url\":\"https:\\\/\\\/astekjob.fr\\\/wp-content\\\/uploads\\\/2022\\\/11\\\/Le-Grand-Defi-pour-la-planete-1.png\",\"contentUrl\":\"https:\\\/\\\/astekjob.fr\\\/wp-content\\\/uploads\\\/2022\\\/11\\\/Le-Grand-Defi-pour-la-planete-1.png\",\"width\":1500,\"height\":843,\"caption\":\"The Great Challenge for the planet\"},{\"@type\":\"BreadcrumbList\",\"@id\":\"https:\\\/\\\/astekjob.fr\\\/en\\\/2022\\\/great-challenge-for-the-planet-mid-term-review-with-our-astek-delegate-thibault-josselin\\\/#breadcrumb\",\"itemListElement\":[{\"@type\":\"ListItem\",\"position\":1,\"name\":\"Accueil\",\"item\":\"https:\\\/\\\/astekjob.fr\\\/en\\\/\"},{\"@type\":\"ListItem\",\"position\":2,\"name\":\"Great Challenge for the Planet: mid-term review with our Astek delegate, Thibault Josselin\"}]},{\"@type\":\"WebSite\",\"@id\":\"https:\\\/\\\/astekjob.fr\\\/en\\\/#website\",\"url\":\"https:\\\/\\\/astekjob.fr\\\/en\\\/\",\"name\":\"Astekjob\",\"description\":\"Le site de recrutement du Groupe Astek\",\"publisher\":{\"@id\":\"https:\\\/\\\/astekjob.fr\\\/en\\\/#organization\"},\"alternateName\":\"Astekjob\",\"potentialAction\":[{\"@type\":\"SearchAction\",\"target\":{\"@type\":\"EntryPoint\",\"urlTemplate\":\"https:\\\/\\\/astekjob.fr\\\/en\\\/?s={search_term_string}\"},\"query-input\":{\"@type\":\"PropertyValueSpecification\",\"valueRequired\":true,\"valueName\":\"search_term_string\"}}],\"inLanguage\":\"en-US\"},{\"@type\":\"Organization\",\"@id\":\"https:\\\/\\\/astekjob.fr\\\/en\\\/#organization\",\"name\":\"Groupe Astek\",\"url\":\"https:\\\/\\\/astekjob.fr\\\/en\\\/\",\"logo\":{\"@type\":\"ImageObject\",\"inLanguage\":\"en-US\",\"@id\":\"https:\\\/\\\/astekjob.fr\\\/en\\\/#\\\/schema\\\/logo\\\/image\\\/\",\"url\":\"https:\\\/\\\/astekjob.fr\\\/wp-content\\\/uploads\\\/2021\\\/11\\\/Astek-Group_Hor_Officiel.png\",\"contentUrl\":\"https:\\\/\\\/astekjob.fr\\\/wp-content\\\/uploads\\\/2021\\\/11\\\/Astek-Group_Hor_Officiel.png\",\"width\":1215,\"height\":307,\"caption\":\"Groupe Astek\"},\"image\":{\"@id\":\"https:\\\/\\\/astekjob.fr\\\/en\\\/#\\\/schema\\\/logo\\\/image\\\/\"},\"sameAs\":[\"https:\\\/\\\/www.linkedin.com\\\/company\\\/astek\\\/\"]},{\"@type\":\"Person\",\"@id\":\"https:\\\/\\\/astekjob.fr\\\/en\\\/#\\\/schema\\\/person\\\/bc86d396b144b9e77e73be0c30af32f0\",\"name\":\"Astek\",\"image\":{\"@type\":\"ImageObject\",\"inLanguage\":\"en-US\",\"@id\":\"https:\\\/\\\/secure.gravatar.com\\\/avatar\\\/bcf3f220e533cddd2d1458df16994cf22b31161ded9be4ea9f803d0a2408852e?s=96&d=mm&r=g\",\"url\":\"https:\\\/\\\/secure.gravatar.com\\\/avatar\\\/bcf3f220e533cddd2d1458df16994cf22b31161ded9be4ea9f803d0a2408852e?s=96&d=mm&r=g\",\"contentUrl\":\"https:\\\/\\\/secure.gravatar.com\\\/avatar\\\/bcf3f220e533cddd2d1458df16994cf22b31161ded9be4ea9f803d0a2408852e?s=96&d=mm&r=g\",\"caption\":\"Astek\"},\"url\":\"https:\\\/\\\/astekjob.fr\\\/en\\\/author\\\/astek\\\/\"}]}<\/script>\n<!-- \/ Yoast SEO plugin. -->","yoast_head_json":{"title":"Great Challenge for the Planet - Halfway - Astekjob","description":"Thibault Josselin is Astek's delegate to the Grand D\u00e9fi for the planet. After 4 sessions, let's do a first assessment.","robots":{"index":"index","follow":"follow","max-snippet":"max-snippet:-1","max-image-preview":"max-image-preview:large","max-video-preview":"max-video-preview:-1"},"canonical":"https:\/\/astekjob.fr\/en\/2022\/great-challenge-for-the-planet-mid-term-review-with-our-astek-delegate-thibault-josselin\/","og_locale":"en_US","og_type":"article","og_title":"Great Challenge for the Planet - Halfway - Astekjob","og_description":"Thibault Josselin is Astek's delegate to the Grand D\u00e9fi for the planet. After 4 sessions, let's do a first assessment.","og_url":"https:\/\/astekjob.fr\/en\/2022\/great-challenge-for-the-planet-mid-term-review-with-our-astek-delegate-thibault-josselin\/","og_site_name":"Astekjob","article_published_time":"2022-11-08T13:38:20+00:00","article_modified_time":"2022-11-14T08:08:43+00:00","og_image":[{"width":1500,"height":843,"url":"https:\/\/astekjob.fr\/wp-content\/uploads\/2022\/11\/Le-Grand-Defi-pour-la-planete-1.png","type":"image\/png"}],"author":"Astek","twitter_card":"summary_large_image","twitter_misc":{"Written by":"Astek","Est. reading time":"7 minutes"},"schema":{"@context":"https:\/\/schema.org","@graph":[{"@type":"Article","@id":"https:\/\/astekjob.fr\/en\/2022\/great-challenge-for-the-planet-mid-term-review-with-our-astek-delegate-thibault-josselin\/#article","isPartOf":{"@id":"https:\/\/astekjob.fr\/en\/2022\/great-challenge-for-the-planet-mid-term-review-with-our-astek-delegate-thibault-josselin\/"},"author":{"name":"Astek","@id":"https:\/\/astekjob.fr\/en\/#\/schema\/person\/bc86d396b144b9e77e73be0c30af32f0"},"headline":"Great Challenge for the Planet: mid-term review with our Astek delegate, Thibault Josselin","datePublished":"2022-11-08T13:38:20+00:00","dateModified":"2022-11-14T08:08:43+00:00","mainEntityOfPage":{"@id":"https:\/\/astekjob.fr\/en\/2022\/great-challenge-for-the-planet-mid-term-review-with-our-astek-delegate-thibault-josselin\/"},"wordCount":1474,"publisher":{"@id":"https:\/\/astekjob.fr\/en\/#organization"},"image":{"@id":"https:\/\/astekjob.fr\/en\/2022\/great-challenge-for-the-planet-mid-term-review-with-our-astek-delegate-thibault-josselin\/#primaryimage"},"thumbnailUrl":"https:\/\/astekjob.fr\/wp-content\/uploads\/2022\/11\/Le-Grand-Defi-pour-la-planete-1.png","articleSection":["Astekjob","Astekjob"],"inLanguage":"en-US"},{"@type":"WebPage","@id":"https:\/\/astekjob.fr\/en\/2022\/great-challenge-for-the-planet-mid-term-review-with-our-astek-delegate-thibault-josselin\/","url":"https:\/\/astekjob.fr\/en\/2022\/great-challenge-for-the-planet-mid-term-review-with-our-astek-delegate-thibault-josselin\/","name":"Great Challenge for the Planet - Halfway - Astekjob","isPartOf":{"@id":"https:\/\/astekjob.fr\/en\/#website"},"primaryImageOfPage":{"@id":"https:\/\/astekjob.fr\/en\/2022\/great-challenge-for-the-planet-mid-term-review-with-our-astek-delegate-thibault-josselin\/#primaryimage"},"image":{"@id":"https:\/\/astekjob.fr\/en\/2022\/great-challenge-for-the-planet-mid-term-review-with-our-astek-delegate-thibault-josselin\/#primaryimage"},"thumbnailUrl":"https:\/\/astekjob.fr\/wp-content\/uploads\/2022\/11\/Le-Grand-Defi-pour-la-planete-1.png","datePublished":"2022-11-08T13:38:20+00:00","dateModified":"2022-11-14T08:08:43+00:00","description":"Thibault Josselin is Astek's delegate to the Grand D\u00e9fi for the planet. After 4 sessions, let's do a first assessment.","breadcrumb":{"@id":"https:\/\/astekjob.fr\/en\/2022\/great-challenge-for-the-planet-mid-term-review-with-our-astek-delegate-thibault-josselin\/#breadcrumb"},"inLanguage":"en-US","potentialAction":[{"@type":"ReadAction","target":["https:\/\/astekjob.fr\/en\/2022\/great-challenge-for-the-planet-mid-term-review-with-our-astek-delegate-thibault-josselin\/"]}]},{"@type":"ImageObject","inLanguage":"en-US","@id":"https:\/\/astekjob.fr\/en\/2022\/great-challenge-for-the-planet-mid-term-review-with-our-astek-delegate-thibault-josselin\/#primaryimage","url":"https:\/\/astekjob.fr\/wp-content\/uploads\/2022\/11\/Le-Grand-Defi-pour-la-planete-1.png","contentUrl":"https:\/\/astekjob.fr\/wp-content\/uploads\/2022\/11\/Le-Grand-Defi-pour-la-planete-1.png","width":1500,"height":843,"caption":"The Great Challenge for the planet"},{"@type":"BreadcrumbList","@id":"https:\/\/astekjob.fr\/en\/2022\/great-challenge-for-the-planet-mid-term-review-with-our-astek-delegate-thibault-josselin\/#breadcrumb","itemListElement":[{"@type":"ListItem","position":1,"name":"Accueil","item":"https:\/\/astekjob.fr\/en\/"},{"@type":"ListItem","position":2,"name":"Great Challenge for the Planet: mid-term review with our Astek delegate, Thibault Josselin"}]},{"@type":"WebSite","@id":"https:\/\/astekjob.fr\/en\/#website","url":"https:\/\/astekjob.fr\/en\/","name":"Astekjob","description":"Le site de recrutement du Groupe Astek","publisher":{"@id":"https:\/\/astekjob.fr\/en\/#organization"},"alternateName":"Astekjob","potentialAction":[{"@type":"SearchAction","target":{"@type":"EntryPoint","urlTemplate":"https:\/\/astekjob.fr\/en\/?s={search_term_string}"},"query-input":{"@type":"PropertyValueSpecification","valueRequired":true,"valueName":"search_term_string"}}],"inLanguage":"en-US"},{"@type":"Organization","@id":"https:\/\/astekjob.fr\/en\/#organization","name":"Groupe Astek","url":"https:\/\/astekjob.fr\/en\/","logo":{"@type":"ImageObject","inLanguage":"en-US","@id":"https:\/\/astekjob.fr\/en\/#\/schema\/logo\/image\/","url":"https:\/\/astekjob.fr\/wp-content\/uploads\/2021\/11\/Astek-Group_Hor_Officiel.png","contentUrl":"https:\/\/astekjob.fr\/wp-content\/uploads\/2021\/11\/Astek-Group_Hor_Officiel.png","width":1215,"height":307,"caption":"Groupe Astek"},"image":{"@id":"https:\/\/astekjob.fr\/en\/#\/schema\/logo\/image\/"},"sameAs":["https:\/\/www.linkedin.com\/company\/astek\/"]},{"@type":"Person","@id":"https:\/\/astekjob.fr\/en\/#\/schema\/person\/bc86d396b144b9e77e73be0c30af32f0","name":"Astek","image":{"@type":"ImageObject","inLanguage":"en-US","@id":"https:\/\/secure.gravatar.com\/avatar\/bcf3f220e533cddd2d1458df16994cf22b31161ded9be4ea9f803d0a2408852e?s=96&d=mm&r=g","url":"https:\/\/secure.gravatar.com\/avatar\/bcf3f220e533cddd2d1458df16994cf22b31161ded9be4ea9f803d0a2408852e?s=96&d=mm&r=g","contentUrl":"https:\/\/secure.gravatar.com\/avatar\/bcf3f220e533cddd2d1458df16994cf22b31161ded9be4ea9f803d0a2408852e?s=96&d=mm&r=g","caption":"Astek"},"url":"https:\/\/astekjob.fr\/en\/author\/astek\/"}]}},"_links":{"self":[{"href":"https:\/\/astekjob.fr\/en\/wp-json\/wp\/v2\/posts\/95557","targetHints":{"allow":["GET"]}}],"collection":[{"href":"https:\/\/astekjob.fr\/en\/wp-json\/wp\/v2\/posts"}],"about":[{"href":"https:\/\/astekjob.fr\/en\/wp-json\/wp\/v2\/types\/post"}],"author":[{"embeddable":true,"href":"https:\/\/astekjob.fr\/en\/wp-json\/wp\/v2\/users\/98"}],"replies":[{"embeddable":true,"href":"https:\/\/astekjob.fr\/en\/wp-json\/wp\/v2\/comments?post=95557"}],"version-history":[{"count":0,"href":"https:\/\/astekjob.fr\/en\/wp-json\/wp\/v2\/posts\/95557\/revisions"}],"wp:featuredmedia":[{"embeddable":true,"href":"https:\/\/astekjob.fr\/en\/wp-json\/wp\/v2\/media\/96762"}],"wp:attachment":[{"href":"https:\/\/astekjob.fr\/en\/wp-json\/wp\/v2\/media?parent=95557"}],"wp:term":[{"taxonomy":"category","embeddable":true,"href":"https:\/\/astekjob.fr\/en\/wp-json\/wp\/v2\/categories?post=95557"},{"taxonomy":"post_tag","embeddable":true,"href":"https:\/\/astekjob.fr\/en\/wp-json\/wp\/v2\/tags?post=95557"}],"curies":[{"name":"wp","href":"https:\/\/api.w.org\/{rel}","templated":true}]}}