{"id":57184,"date":"2022-02-16T15:48:33","date_gmt":"2022-02-16T14:48:33","guid":{"rendered":"https:\/\/astekjob.fr\/2022\/abdellah-su-proyecto-en-100-teletrabajo\/"},"modified":"2022-02-16T15:48:40","modified_gmt":"2022-02-16T14:48:40","slug":"abdellah-su-proyecto-en-100-teletrabajo","status":"publish","type":"post","link":"https:\/\/astekjob.fr\/es\/2022\/abdellah-su-proyecto-en-100-teletrabajo\/","title":{"rendered":"Abdellah, su proyecto en 100% teletrabajo"},"content":{"rendered":"<p>[et_pb_section fb_built=\u00bb1&#8243; _builder_version=\u00bb4.4.9&#8243; global_colors_info=\u00bb{}\u00bb][et_pb_row _builder_version=\u00bb4.4.9&#8243; global_colors_info=\u00bb{}\u00bb][et_pb_column type=\u00bb4_4&#8243; _builder_version=\u00bb4.4.9&#8243; global_colors_info=\u00bb{}\u00bb][et_pb_text _builder_version=\u00bb4.10.7&#8243; hover_enabled=\u00bb0&#8243; global_colors_info=\u00bb{}\u00bb sticky_enabled=\u00bb0&#8243;]<\/p>\n<p>Abdellah se sum\u00f3 a la aventura de Astek hace a\u00f1o y medio. Como un verdadero curioso, paralelamente a su formaci\u00f3n como ingeniero generalista en la ENSAM, se ha capacitado en el desarrollo de aplicaciones inform\u00e1ticas. Hoy nos habla de su proyecto realizado 100% en teletrabajo y los cambios inducidos en sus m\u00e9todos de trabajo.<\/p>\n<h4><strong>Cu\u00e9ntenos sobre sus antecedentes<\/strong><\/h4>\n<p>\u00a1Siempre me ha encantado aprender cosas nuevas! As\u00ed, en paralelo a mi formaci\u00f3n como ingeniero bastante generalista en la Escuela Nacional de Artes y Oficios, pude formarme en la parte inform\u00e1tica para desarrollar mis habilidades y tener un perfil m\u00e1s desarrollador. Por lo tanto, gracias a este doble rol pude unirme a Astek en septiembre de 2019. Me un\u00ed directamente a los equipos a cargo de apoyar a Amadeus, \u00a1un proyecto que me gust\u00f3 mucho! Con la crisis sanitaria, este proyecto lleg\u00f3 a su fin. Pude aprovechar este per\u00edodo capacit\u00e1ndome en varias t\u00e9cnicas que, sab\u00eda, me permitir\u00edan acceder a otros proyectos. As\u00ed, a finales de diciembre de 2020, comenc\u00e9 mi nuevo proyecto para MiPih (Midi Picardie Informatique Hospitali\u00e8re).<\/p>\n<h4><strong>\u00bfPuedes contarnos m\u00e1s sobre tu proyecto actual?<\/strong><\/h4>\n<p>Este proyecto es muy diferente de mi experiencia anterior en Amadeus. Estoy en una estructura peque\u00f1a, con menos procesos y m\u00e1s libertad. Trabajamos de forma \u00e1gil pero con una operativa adaptada al tama\u00f1o de nuestros equipos. A pesar de ser un proyecto 100% teletrabajo, el ambiente es muy bueno y mi proyecto va muy bien. Doy gran importancia al contacto humano y los intercambios entre colegas. Por \u00faltimo, el contacto humano, aunque diferente cuando est\u00e1s 100% teletrabajando, sigue estando muy presente: para mantener el v\u00ednculo, hacemos un breve con el equipo cada ma\u00f1ana. Esta es una oportunidad para hacer un balance del progreso de los temas, pero tambi\u00e9n para tener discusiones menos formales. El cliente conf\u00eda plenamente en m\u00ed, lo que me permite organizar mi d\u00eda como deseo terminar y hacer mis entregas a tiempo.<\/p>\n<h4><strong>\u00bfC\u00f3mo organizas tu d\u00eda a d\u00eda para tener \u00e9xito en este proyecto 100% teletrabajo? <\/strong><\/h4>\n<p>Creo que la clave para un proyecto 100% teletrabajador exitoso es la organizaci\u00f3n. En lugar de contar mi productividad en horas, la cuento en el n\u00famero de tareas a realizar durante mi jornada laboral. La flexibilidad que permite el teletrabajo ha potenciado mi productividad, adem\u00e1s de aportar cierto equilibrio a mi vida. Al trabajar desde casa, puedo concentrarme m\u00e1s f\u00e1cilmente sin que me interrumpan.<br \/>Tener que trabajar de forma remota me ha obligado a mantener un ritmo en mis d\u00edas, especialmente entre el trabajo y las caminatas para despejar mi mente (\u00a1disfrutamos antes del toque de queda! ). Para poder vivir mejor el teletrabajo, me obligo a no quedarme encerrado en casa, sino tambi\u00e9n a disfrutar de la vida fuera. Al final, despu\u00e9s de unos meses, \u00a1encuentro este modelo de trabajo realmente agradable! Sin embargo, no estar\u00eda en contra de pasar algunos d\u00edas en el sitio de vez en cuando, para experimentar un poco m\u00e1s de relaci\u00f3n.<\/p>\n<h4><strong>\u00bfC\u00f3mo imaginas la continuaci\u00f3n de tu aventura en Astek?<\/strong><\/h4>\n<p>Astek me da acceso a diferentes tipos de tecnolog\u00eda gracias a la diversidad de los clientes del Grupo. Sin este estatus de consultor, probablemente habr\u00eda estado haciendo desarrollo toda mi vida. Trabajar dentro del Grupo me permite desarrollar mis habilidades en diferentes tecnolog\u00edas y variar mis proyectos. En lugar de desear especializarme en un tema, tiendo a querer ser una verdadera navaja suiza. Me gusta poder ser \u00abmanos a la obra\u00bb, esto permite, en mi opini\u00f3n, una comprensi\u00f3n m\u00e1s global de los temas con los clientes. Puedo, por ejemplo, trabajar en un proyecto de desarrollo web, luego, seis meses despu\u00e9s, un proyecto de desarrollo m\u00f3vil y nuevamente un a\u00f1o despu\u00e9s, \u00a1trabajar en el back-end! Esto te permite evolucionar r\u00e1pidamente y, \u00bfpor qu\u00e9 no terminar siendo un desarrollador de pila completa?<\/p>\n<p>[\/et_pb_text][et_pb_button button_url=\u00bb@ET-DC@eyJkeW5hbWljIjp0cnVlLCJjb250ZW50IjoiaG9tZV91cmwiLCJzZXR0aW5ncyI6W119@\u00bb button_text=\u00bbVolver a Astekjob\u00bb button_alignment=\u00bbcenter\u00bb _builder_version=\u00bb4.10.7&#8243; _dynamic_attributes=\u00bbbutton_url\u00bb _module_preset=\u00bbdefault\u00bb custom_button=\u00bbon\u00bb button_text_color=\u00bb#FFFFFF\u00bb button_bg_color=\u00bb#00C072&#8243; button_border_radius=\u00bb15px\u00bb button_icon=\u00bb%%24%%\u00bb global_colors_info=\u00bb{}\u00bb][\/et_pb_button][\/et_pb_column][\/et_pb_row][\/et_pb_section]<\/p>\n","protected":false},"excerpt":{"rendered":"<p>\u201c\u00a1Creo que la clave para un proyecto 100% teletrabajo exitoso es la organizaci\u00f3n! La flexibilidad que permite el teletrabajo ha potenciado mi productividad, adem\u00e1s de aportar cierto equilibrio a mi vida.\u201c<\/p>\n","protected":false},"author":98,"featured_media":57185,"comment_status":"closed","ping_status":"closed","sticky":false,"template":"","format":"standard","meta":{"_et_pb_use_builder":"on","_et_pb_old_content":"","_et_gb_content_width":"","footnotes":""},"categories":[601],"tags":[],"class_list":["post-57184","post","type-post","status-publish","format-standard","has-post-thumbnail","hentry","category-astekjob-es"],"yoast_head":"<!-- This site is optimized with the Yoast SEO plugin v27.5 - https:\/\/yoast.com\/product\/yoast-seo-wordpress\/ -->\n<title>Abdellah, su proyecto en 100% teletrabajo - Astekjob<\/title>\n<meta name=\"description\" content=\"Ingeniero generalista de la ENSAM, formado en el desarrollo de aplicaciones inform\u00e1ticas, Abdellah habla de su proyecto realizado 100% por teletrabajo.\" \/>\n<meta name=\"robots\" content=\"index, follow, max-snippet:-1, max-image-preview:large, max-video-preview:-1\" \/>\n<link rel=\"canonical\" href=\"https:\/\/astekjob.fr\/es\/2022\/abdellah-su-proyecto-en-100-teletrabajo\/\" \/>\n<meta property=\"og:locale\" content=\"es_ES\" \/>\n<meta property=\"og:type\" content=\"article\" \/>\n<meta property=\"og:title\" content=\"Abdellah, su proyecto en 100% teletrabajo - Astekjob\" \/>\n<meta property=\"og:description\" content=\"Ingeniero generalista de la ENSAM, formado en el desarrollo de aplicaciones inform\u00e1ticas, Abdellah habla de su proyecto realizado 100% por teletrabajo.\" \/>\n<meta property=\"og:url\" content=\"https:\/\/astekjob.fr\/es\/2022\/abdellah-su-proyecto-en-100-teletrabajo\/\" \/>\n<meta property=\"og:site_name\" content=\"Astekjob\" \/>\n<meta property=\"article:published_time\" content=\"2022-02-16T14:48:33+00:00\" \/>\n<meta property=\"article:modified_time\" content=\"2022-02-16T14:48:40+00:00\" \/>\n<meta property=\"og:image\" content=\"https:\/\/astekjob.fr\/wp-content\/uploads\/2021\/09\/20210427-Abdellah-son-projet-en-100-teletravail.jpg\" \/>\n\t<meta property=\"og:image:width\" content=\"1921\" \/>\n\t<meta property=\"og:image:height\" content=\"1081\" \/>\n\t<meta property=\"og:image:type\" content=\"image\/jpeg\" \/>\n<meta name=\"author\" content=\"Astek\" \/>\n<meta name=\"twitter:card\" content=\"summary_large_image\" \/>\n<meta name=\"twitter:label1\" content=\"Escrito por\" \/>\n\t<meta name=\"twitter:data1\" content=\"Astek\" \/>\n\t<meta name=\"twitter:label2\" content=\"Tiempo de lectura\" \/>\n\t<meta name=\"twitter:data2\" content=\"4 minutos\" \/>\n<script type=\"application\/ld+json\" class=\"yoast-schema-graph\">{\"@context\":\"https:\\\/\\\/schema.org\",\"@graph\":[{\"@type\":\"Article\",\"@id\":\"https:\\\/\\\/astekjob.fr\\\/es\\\/2022\\\/abdellah-su-proyecto-en-100-teletrabajo\\\/#article\",\"isPartOf\":{\"@id\":\"https:\\\/\\\/astekjob.fr\\\/es\\\/2022\\\/abdellah-su-proyecto-en-100-teletrabajo\\\/\"},\"author\":{\"name\":\"Astek\",\"@id\":\"https:\\\/\\\/astekjob.fr\\\/es\\\/#\\\/schema\\\/person\\\/bc86d396b144b9e77e73be0c30af32f0\"},\"headline\":\"Abdellah, su proyecto en 100% teletrabajo\",\"datePublished\":\"2022-02-16T14:48:33+00:00\",\"dateModified\":\"2022-02-16T14:48:40+00:00\",\"mainEntityOfPage\":{\"@id\":\"https:\\\/\\\/astekjob.fr\\\/es\\\/2022\\\/abdellah-su-proyecto-en-100-teletrabajo\\\/\"},\"wordCount\":784,\"publisher\":{\"@id\":\"https:\\\/\\\/astekjob.fr\\\/es\\\/#organization\"},\"image\":{\"@id\":\"https:\\\/\\\/astekjob.fr\\\/es\\\/2022\\\/abdellah-su-proyecto-en-100-teletrabajo\\\/#primaryimage\"},\"thumbnailUrl\":\"https:\\\/\\\/astekjob.fr\\\/wp-content\\\/uploads\\\/2021\\\/09\\\/20210427-Abdellah-son-projet-en-100-teletravail.jpg\",\"articleSection\":[\"Astekjob\"],\"inLanguage\":\"es\"},{\"@type\":\"WebPage\",\"@id\":\"https:\\\/\\\/astekjob.fr\\\/es\\\/2022\\\/abdellah-su-proyecto-en-100-teletrabajo\\\/\",\"url\":\"https:\\\/\\\/astekjob.fr\\\/es\\\/2022\\\/abdellah-su-proyecto-en-100-teletrabajo\\\/\",\"name\":\"Abdellah, su proyecto en 100% teletrabajo - Astekjob\",\"isPartOf\":{\"@id\":\"https:\\\/\\\/astekjob.fr\\\/es\\\/#website\"},\"primaryImageOfPage\":{\"@id\":\"https:\\\/\\\/astekjob.fr\\\/es\\\/2022\\\/abdellah-su-proyecto-en-100-teletrabajo\\\/#primaryimage\"},\"image\":{\"@id\":\"https:\\\/\\\/astekjob.fr\\\/es\\\/2022\\\/abdellah-su-proyecto-en-100-teletrabajo\\\/#primaryimage\"},\"thumbnailUrl\":\"https:\\\/\\\/astekjob.fr\\\/wp-content\\\/uploads\\\/2021\\\/09\\\/20210427-Abdellah-son-projet-en-100-teletravail.jpg\",\"datePublished\":\"2022-02-16T14:48:33+00:00\",\"dateModified\":\"2022-02-16T14:48:40+00:00\",\"description\":\"Ingeniero generalista de la ENSAM, formado en el desarrollo de aplicaciones inform\u00e1ticas, Abdellah habla de su proyecto realizado 100% por teletrabajo.\",\"breadcrumb\":{\"@id\":\"https:\\\/\\\/astekjob.fr\\\/es\\\/2022\\\/abdellah-su-proyecto-en-100-teletrabajo\\\/#breadcrumb\"},\"inLanguage\":\"es\",\"potentialAction\":[{\"@type\":\"ReadAction\",\"target\":[\"https:\\\/\\\/astekjob.fr\\\/es\\\/2022\\\/abdellah-su-proyecto-en-100-teletrabajo\\\/\"]}]},{\"@type\":\"ImageObject\",\"inLanguage\":\"es\",\"@id\":\"https:\\\/\\\/astekjob.fr\\\/es\\\/2022\\\/abdellah-su-proyecto-en-100-teletrabajo\\\/#primaryimage\",\"url\":\"https:\\\/\\\/astekjob.fr\\\/wp-content\\\/uploads\\\/2021\\\/09\\\/20210427-Abdellah-son-projet-en-100-teletravail.jpg\",\"contentUrl\":\"https:\\\/\\\/astekjob.fr\\\/wp-content\\\/uploads\\\/2021\\\/09\\\/20210427-Abdellah-son-projet-en-100-teletravail.jpg\",\"width\":1921,\"height\":1081,\"caption\":\"Abdellah - son projet en 100% t\u00e9l\u00e9travail\"},{\"@type\":\"BreadcrumbList\",\"@id\":\"https:\\\/\\\/astekjob.fr\\\/es\\\/2022\\\/abdellah-su-proyecto-en-100-teletrabajo\\\/#breadcrumb\",\"itemListElement\":[{\"@type\":\"ListItem\",\"position\":1,\"name\":\"Accueil\",\"item\":\"https:\\\/\\\/astekjob.fr\\\/es\\\/\"},{\"@type\":\"ListItem\",\"position\":2,\"name\":\"Abdellah, su proyecto en 100% teletrabajo\"}]},{\"@type\":\"WebSite\",\"@id\":\"https:\\\/\\\/astekjob.fr\\\/es\\\/#website\",\"url\":\"https:\\\/\\\/astekjob.fr\\\/es\\\/\",\"name\":\"Astekjob\",\"description\":\"Le site de recrutement du Groupe Astek\",\"publisher\":{\"@id\":\"https:\\\/\\\/astekjob.fr\\\/es\\\/#organization\"},\"alternateName\":\"Astekjob\",\"potentialAction\":[{\"@type\":\"SearchAction\",\"target\":{\"@type\":\"EntryPoint\",\"urlTemplate\":\"https:\\\/\\\/astekjob.fr\\\/es\\\/?s={search_term_string}\"},\"query-input\":{\"@type\":\"PropertyValueSpecification\",\"valueRequired\":true,\"valueName\":\"search_term_string\"}}],\"inLanguage\":\"es\"},{\"@type\":\"Organization\",\"@id\":\"https:\\\/\\\/astekjob.fr\\\/es\\\/#organization\",\"name\":\"Groupe Astek\",\"url\":\"https:\\\/\\\/astekjob.fr\\\/es\\\/\",\"logo\":{\"@type\":\"ImageObject\",\"inLanguage\":\"es\",\"@id\":\"https:\\\/\\\/astekjob.fr\\\/es\\\/#\\\/schema\\\/logo\\\/image\\\/\",\"url\":\"https:\\\/\\\/astekjob.fr\\\/wp-content\\\/uploads\\\/2021\\\/11\\\/Astek-Group_Hor_Officiel.png\",\"contentUrl\":\"https:\\\/\\\/astekjob.fr\\\/wp-content\\\/uploads\\\/2021\\\/11\\\/Astek-Group_Hor_Officiel.png\",\"width\":1215,\"height\":307,\"caption\":\"Groupe Astek\"},\"image\":{\"@id\":\"https:\\\/\\\/astekjob.fr\\\/es\\\/#\\\/schema\\\/logo\\\/image\\\/\"},\"sameAs\":[\"https:\\\/\\\/www.linkedin.com\\\/company\\\/astek\\\/\"]},{\"@type\":\"Person\",\"@id\":\"https:\\\/\\\/astekjob.fr\\\/es\\\/#\\\/schema\\\/person\\\/bc86d396b144b9e77e73be0c30af32f0\",\"name\":\"Astek\",\"image\":{\"@type\":\"ImageObject\",\"inLanguage\":\"es\",\"@id\":\"https:\\\/\\\/secure.gravatar.com\\\/avatar\\\/bcf3f220e533cddd2d1458df16994cf22b31161ded9be4ea9f803d0a2408852e?s=96&d=mm&r=g\",\"url\":\"https:\\\/\\\/secure.gravatar.com\\\/avatar\\\/bcf3f220e533cddd2d1458df16994cf22b31161ded9be4ea9f803d0a2408852e?s=96&d=mm&r=g\",\"contentUrl\":\"https:\\\/\\\/secure.gravatar.com\\\/avatar\\\/bcf3f220e533cddd2d1458df16994cf22b31161ded9be4ea9f803d0a2408852e?s=96&d=mm&r=g\",\"caption\":\"Astek\"},\"url\":\"https:\\\/\\\/astekjob.fr\\\/es\\\/author\\\/astek\\\/\"}]}<\/script>\n<!-- \/ Yoast SEO plugin. -->","yoast_head_json":{"title":"Abdellah, su proyecto en 100% teletrabajo - Astekjob","description":"Ingeniero generalista de la ENSAM, formado en el desarrollo de aplicaciones inform\u00e1ticas, Abdellah habla de su proyecto realizado 100% por teletrabajo.","robots":{"index":"index","follow":"follow","max-snippet":"max-snippet:-1","max-image-preview":"max-image-preview:large","max-video-preview":"max-video-preview:-1"},"canonical":"https:\/\/astekjob.fr\/es\/2022\/abdellah-su-proyecto-en-100-teletrabajo\/","og_locale":"es_ES","og_type":"article","og_title":"Abdellah, su proyecto en 100% teletrabajo - Astekjob","og_description":"Ingeniero generalista de la ENSAM, formado en el desarrollo de aplicaciones inform\u00e1ticas, Abdellah habla de su proyecto realizado 100% por teletrabajo.","og_url":"https:\/\/astekjob.fr\/es\/2022\/abdellah-su-proyecto-en-100-teletrabajo\/","og_site_name":"Astekjob","article_published_time":"2022-02-16T14:48:33+00:00","article_modified_time":"2022-02-16T14:48:40+00:00","og_image":[{"width":1921,"height":1081,"url":"https:\/\/astekjob.fr\/wp-content\/uploads\/2021\/09\/20210427-Abdellah-son-projet-en-100-teletravail.jpg","type":"image\/jpeg"}],"author":"Astek","twitter_card":"summary_large_image","twitter_misc":{"Escrito por":"Astek","Tiempo de lectura":"4 minutos"},"schema":{"@context":"https:\/\/schema.org","@graph":[{"@type":"Article","@id":"https:\/\/astekjob.fr\/es\/2022\/abdellah-su-proyecto-en-100-teletrabajo\/#article","isPartOf":{"@id":"https:\/\/astekjob.fr\/es\/2022\/abdellah-su-proyecto-en-100-teletrabajo\/"},"author":{"name":"Astek","@id":"https:\/\/astekjob.fr\/es\/#\/schema\/person\/bc86d396b144b9e77e73be0c30af32f0"},"headline":"Abdellah, su proyecto en 100% teletrabajo","datePublished":"2022-02-16T14:48:33+00:00","dateModified":"2022-02-16T14:48:40+00:00","mainEntityOfPage":{"@id":"https:\/\/astekjob.fr\/es\/2022\/abdellah-su-proyecto-en-100-teletrabajo\/"},"wordCount":784,"publisher":{"@id":"https:\/\/astekjob.fr\/es\/#organization"},"image":{"@id":"https:\/\/astekjob.fr\/es\/2022\/abdellah-su-proyecto-en-100-teletrabajo\/#primaryimage"},"thumbnailUrl":"https:\/\/astekjob.fr\/wp-content\/uploads\/2021\/09\/20210427-Abdellah-son-projet-en-100-teletravail.jpg","articleSection":["Astekjob"],"inLanguage":"es"},{"@type":"WebPage","@id":"https:\/\/astekjob.fr\/es\/2022\/abdellah-su-proyecto-en-100-teletrabajo\/","url":"https:\/\/astekjob.fr\/es\/2022\/abdellah-su-proyecto-en-100-teletrabajo\/","name":"Abdellah, su proyecto en 100% teletrabajo - Astekjob","isPartOf":{"@id":"https:\/\/astekjob.fr\/es\/#website"},"primaryImageOfPage":{"@id":"https:\/\/astekjob.fr\/es\/2022\/abdellah-su-proyecto-en-100-teletrabajo\/#primaryimage"},"image":{"@id":"https:\/\/astekjob.fr\/es\/2022\/abdellah-su-proyecto-en-100-teletrabajo\/#primaryimage"},"thumbnailUrl":"https:\/\/astekjob.fr\/wp-content\/uploads\/2021\/09\/20210427-Abdellah-son-projet-en-100-teletravail.jpg","datePublished":"2022-02-16T14:48:33+00:00","dateModified":"2022-02-16T14:48:40+00:00","description":"Ingeniero generalista de la ENSAM, formado en el desarrollo de aplicaciones inform\u00e1ticas, Abdellah habla de su proyecto realizado 100% por teletrabajo.","breadcrumb":{"@id":"https:\/\/astekjob.fr\/es\/2022\/abdellah-su-proyecto-en-100-teletrabajo\/#breadcrumb"},"inLanguage":"es","potentialAction":[{"@type":"ReadAction","target":["https:\/\/astekjob.fr\/es\/2022\/abdellah-su-proyecto-en-100-teletrabajo\/"]}]},{"@type":"ImageObject","inLanguage":"es","@id":"https:\/\/astekjob.fr\/es\/2022\/abdellah-su-proyecto-en-100-teletrabajo\/#primaryimage","url":"https:\/\/astekjob.fr\/wp-content\/uploads\/2021\/09\/20210427-Abdellah-son-projet-en-100-teletravail.jpg","contentUrl":"https:\/\/astekjob.fr\/wp-content\/uploads\/2021\/09\/20210427-Abdellah-son-projet-en-100-teletravail.jpg","width":1921,"height":1081,"caption":"Abdellah - son projet en 100% t\u00e9l\u00e9travail"},{"@type":"BreadcrumbList","@id":"https:\/\/astekjob.fr\/es\/2022\/abdellah-su-proyecto-en-100-teletrabajo\/#breadcrumb","itemListElement":[{"@type":"ListItem","position":1,"name":"Accueil","item":"https:\/\/astekjob.fr\/es\/"},{"@type":"ListItem","position":2,"name":"Abdellah, su proyecto en 100% teletrabajo"}]},{"@type":"WebSite","@id":"https:\/\/astekjob.fr\/es\/#website","url":"https:\/\/astekjob.fr\/es\/","name":"Astekjob","description":"Le site de recrutement du Groupe Astek","publisher":{"@id":"https:\/\/astekjob.fr\/es\/#organization"},"alternateName":"Astekjob","potentialAction":[{"@type":"SearchAction","target":{"@type":"EntryPoint","urlTemplate":"https:\/\/astekjob.fr\/es\/?s={search_term_string}"},"query-input":{"@type":"PropertyValueSpecification","valueRequired":true,"valueName":"search_term_string"}}],"inLanguage":"es"},{"@type":"Organization","@id":"https:\/\/astekjob.fr\/es\/#organization","name":"Groupe Astek","url":"https:\/\/astekjob.fr\/es\/","logo":{"@type":"ImageObject","inLanguage":"es","@id":"https:\/\/astekjob.fr\/es\/#\/schema\/logo\/image\/","url":"https:\/\/astekjob.fr\/wp-content\/uploads\/2021\/11\/Astek-Group_Hor_Officiel.png","contentUrl":"https:\/\/astekjob.fr\/wp-content\/uploads\/2021\/11\/Astek-Group_Hor_Officiel.png","width":1215,"height":307,"caption":"Groupe Astek"},"image":{"@id":"https:\/\/astekjob.fr\/es\/#\/schema\/logo\/image\/"},"sameAs":["https:\/\/www.linkedin.com\/company\/astek\/"]},{"@type":"Person","@id":"https:\/\/astekjob.fr\/es\/#\/schema\/person\/bc86d396b144b9e77e73be0c30af32f0","name":"Astek","image":{"@type":"ImageObject","inLanguage":"es","@id":"https:\/\/secure.gravatar.com\/avatar\/bcf3f220e533cddd2d1458df16994cf22b31161ded9be4ea9f803d0a2408852e?s=96&d=mm&r=g","url":"https:\/\/secure.gravatar.com\/avatar\/bcf3f220e533cddd2d1458df16994cf22b31161ded9be4ea9f803d0a2408852e?s=96&d=mm&r=g","contentUrl":"https:\/\/secure.gravatar.com\/avatar\/bcf3f220e533cddd2d1458df16994cf22b31161ded9be4ea9f803d0a2408852e?s=96&d=mm&r=g","caption":"Astek"},"url":"https:\/\/astekjob.fr\/es\/author\/astek\/"}]}},"_links":{"self":[{"href":"https:\/\/astekjob.fr\/es\/wp-json\/wp\/v2\/posts\/57184","targetHints":{"allow":["GET"]}}],"collection":[{"href":"https:\/\/astekjob.fr\/es\/wp-json\/wp\/v2\/posts"}],"about":[{"href":"https:\/\/astekjob.fr\/es\/wp-json\/wp\/v2\/types\/post"}],"author":[{"embeddable":true,"href":"https:\/\/astekjob.fr\/es\/wp-json\/wp\/v2\/users\/98"}],"replies":[{"embeddable":true,"href":"https:\/\/astekjob.fr\/es\/wp-json\/wp\/v2\/comments?post=57184"}],"version-history":[{"count":0,"href":"https:\/\/astekjob.fr\/es\/wp-json\/wp\/v2\/posts\/57184\/revisions"}],"wp:featuredmedia":[{"embeddable":true,"href":"https:\/\/astekjob.fr\/es\/wp-json\/wp\/v2\/media\/57185"}],"wp:attachment":[{"href":"https:\/\/astekjob.fr\/es\/wp-json\/wp\/v2\/media?parent=57184"}],"wp:term":[{"taxonomy":"category","embeddable":true,"href":"https:\/\/astekjob.fr\/es\/wp-json\/wp\/v2\/categories?post=57184"},{"taxonomy":"post_tag","embeddable":true,"href":"https:\/\/astekjob.fr\/es\/wp-json\/wp\/v2\/tags?post=57184"}],"curies":[{"name":"wp","href":"https:\/\/api.w.org\/{rel}","templated":true}]}}