{"id":95559,"date":"2022-11-08T15:47:34","date_gmt":"2022-11-08T13:47:34","guid":{"rendered":"https:\/\/astekjob.fr\/2022\/gran-desafio-para-el-planeta-revision-intermedia-con-nuestro-delegado-de-astek-thibault-josselin\/"},"modified":"2022-11-14T09:08:43","modified_gmt":"2022-11-14T08:08:43","slug":"gran-desafio-para-el-planeta-revision-intermedia-con-nuestro-delegado-de-astek-thibault-josselin","status":"publish","type":"post","link":"https:\/\/astekjob.fr\/es\/2022\/gran-desafio-para-el-planeta-revision-intermedia-con-nuestro-delegado-de-astek-thibault-josselin\/","title":{"rendered":"Gran Desaf\u00edo para el Planeta: revisi\u00f3n intermedia con nuestro delegado de Astek, Thibault Josselin"},"content":{"rendered":"<p>[et_pb_section fb_built=\u00bb1&#8243; admin_label=\u00bbGrand D\u00e9fi pour la Plan\u00e8te\u00bb _builder_version=\u00bb4.16&#8243; da_disable_devices=\u00bboff|off|off\u00bb collapsed=\u00bbon\u00bb global_colors_info=\u00bb{}\u00bb da_is_popup=\u00bboff\u00bb da_exit_intent=\u00bboff\u00bb da_has_close=\u00bbon\u00bb da_alt_close=\u00bboff\u00bb da_dark_close=\u00bboff\u00bb da_not_modal=\u00bbon\u00bb da_is_singular=\u00bboff\u00bb da_with_loader=\u00bboff\u00bb da_has_shadow=\u00bbon\u00bb][et_pb_row admin_label=\u00bbGran Desaf\u00edo para el Planeta\u00bb _builder_version=\u00bb4.16&#8243; collapsed=\u00bbon\u00bb global_colors_info=\u00bb{}\u00bb][et_pb_column type=\u00bb4_4&#8243; _builder_version=\u00bb4.16&#8243; global_colors_info=\u00bb{}\u00bb][et_pb_text admin_label=\u00bbDepuis le mois de juin\u00bb _builder_version=\u00bb4.18.1&#8243; global_colors_info=\u00bb{}\u00bb]<\/p>\n<p>Desde junio, Thibault Josselin es el delegado de Astek en el Grand D\u00e9fi pour la Plan\u00e8te.<\/p>\n<p>4 sesiones despu\u00e9s, \u00a1es hora de hacer balance de la inversi\u00f3n de este ingeniero bret\u00f3n que se compromete a hacer que las cosas sucedan d\u00eda a d\u00eda!<\/p>\n<p>[\/et_pb_text][\/et_pb_column][\/et_pb_row][et_pb_row column_structure=\u00bb1_2,1_2&#8243; admin_label=\u00bbDelegado del Gran Desaf\u00edo\u00bb _builder_version=\u00bb4.18.1&#8243; _module_preset=\u00bbdefault\u00bb collapsed=\u00bbon\u00bb global_colors_info=\u00bb{}\u00bb][et_pb_column type=\u00bb1_2&#8243; _builder_version=\u00bb4.18.1&#8243; _module_preset=\u00bbdefault\u00bb global_colors_info=\u00bb{}\u00bb][et_pb_text admin_label=\u00bbTitre &#8211; D\u00e9l\u00e9gu\u00e9 au Grand D\u00e9fi, c\u2019est-\u00e0-dire ?\u00bb _builder_version=\u00bb4.18.1&#8243; global_colors_info=\u00bb{}\u00bb]<\/p>\n<h1>Delegado del Gran Desaf\u00edo, \u00bfquieres?<\/h1>\n<p>[\/et_pb_text][et_pb_text admin_label=\u00bbPour Thibault, c&#8217;est donner de son temps \u00bb _builder_version=\u00bb4.18.1&#8243; global_colors_info=\u00bb{}\u00bb]<\/p>\n<p>Para Thibault, \u00absignifica dedicar su tiempo a promover una causa que va m\u00e1s all\u00e1 de la empresa pero en la que la empresa es parte interesada. Son 12 d\u00edas repartidos en 6 meses, para un 1<sup>er<\/sup> paso: presentar 100 propuestas concretas para acelerar la transici\u00f3n ecol\u00f3gica de las empresas. Cuanto m\u00e1s pasan los d\u00edas y las sesiones, m\u00e1s nos damos cuenta de que el 15 de diciembre no va a parar.\u00bb<\/p>\n<p>[\/et_pb_text][\/et_pb_column][et_pb_column type=\u00bb1_2&#8243; _builder_version=\u00bb4.18.1&#8243; _module_preset=\u00bbdefault\u00bb global_colors_info=\u00bb{}\u00bb][et_pb_text admin_label=\u00bbInitiative ind\u00e9pendante\u00bb _builder_version=\u00bb4.18.1&#8243; text_text_color=\u00bb#FFFFFF\u00bb header_text_color=\u00bb#FFFFFF\u00bb background_color=\u00bb#009C49&#8243; custom_padding=\u00bb15px|15px|15px|15px|true|true\u00bb global_colors_info=\u00bb{}\u00bb]<\/p>\n<h1>El Gran Desaf\u00edo para el Planeta<\/h1>\n<p>Iniciativa independiente, apoyada por el Ministerio de Transici\u00f3n Ecol\u00f3gica de Francia, destinada a reunir a 150 empresas francesas sorteadas para presentar 100 propuestas concretas y realistas para acelerar su transici\u00f3n ecol\u00f3gica.<\/p>\n<p>[\/et_pb_text][et_pb_button button_url=\u00bbhttps:\/\/blog.groupeastek.com\/2022\/grand-defi-pour-la-planete\/\u00bb button_text=\u00bbM\u00e1s informaci\u00f3n en el blog de Astek (en franc\u00e9s)\u00bb _builder_version=\u00bb4.18.1&#8243; _module_preset=\u00bbdefault\u00bb custom_button=\u00bbon\u00bb button_text_color=\u00bb#FFFFFF\u00bb button_bg_color=\u00bb#00C072&#8243; button_icon=\u00bb&#xf57c;||fa||900&#8243; button_icon_color=\u00bb#FFFFFF\u00bb global_colors_info=\u00bb{}\u00bb][\/et_pb_button][\/et_pb_column][\/et_pb_row][et_pb_row admin_label=\u00bbEn t\u00e9rminos concretos, el delegado participa\u00bb _builder_version=\u00bb4.18.1&#8243; _module_preset=\u00bbdefault\u00bb collapsed=\u00bbon\u00bb global_colors_info=\u00bb{}\u00bb][et_pb_column type=\u00bb4_4&#8243; _builder_version=\u00bb4.18.1&#8243; _module_preset=\u00bbdefault\u00bb global_colors_info=\u00bb{}\u00bb][et_pb_text admin_label=\u00bbConcr\u00e8tement, le d\u00e9l\u00e9gu\u00e9 participe\u00bb _builder_version=\u00bb4.18.1&#8243; global_colors_info=\u00bb{}\u00bb]<\/p>\n<p>Concretamente, el delegado participa en 6 sesiones de 2 d\u00edas a lo largo de 6 meses, de junio a diciembre; cada sesi\u00f3n est\u00e1 marcada por conferencias, talleres de inteligencia colectiva e intercambios.<\/p>\n<p>Cada sesi\u00f3n tiene un tema y objetivo espec\u00edfico:<\/p>\n<ul>\n<li>Nantes: diagn\u00f3sticos y desaf\u00edos<\/li>\n<li>Lille: papel, responsabilidades e impactos de las empresas<\/li>\n<li>Grenoble: pisar el freno y definir nuestros objetivos<\/li>\n<li>Caen: tiempo de propuestas<\/li>\n<li>Montpellier: trabajo colegiado sobre el perfeccionamiento y selecci\u00f3n de propuestas, por parte de delegados y expertos<\/li>\n<li>Par\u00eds (en la Academia del Clima): compartiendo con todo el ecosistema del Grand Challenge y las autoridades pol\u00edticas<\/li>\n<\/ul>\n<p>&nbsp;<\/p>\n<p>Los intercambios son ricos, las primeras sesiones dieron lugar a muchas discusiones. \u201cLos delegados no est\u00e1n todos en el mismo punto de su viaje. Todos tienen cierta fibra por el medio ambiente pero que no se expresa de la misma manera. He ganado mucho en habilidades de escucha y discusi\u00f3n\u201d, explica Thibault. Algunos delegados est\u00e1n a cargo de los asuntos de RSE dentro de su empresa, algunos son miembros de la gerencia, otros, como Thibault, son empleados dedicados y comprometidos. No todos tienen el mismo nivel de conocimiento, pero todos trabajan por un objetivo com\u00fan: transformar la empresa de manera realista para que sea respetuosa con el clima y la biodiversidad.<\/p>\n<p>[\/et_pb_text][et_pb_text admin_label=\u00bbTitre &#8211; Concr\u00e8tement, comment \u00e7a se passe ?\u00bb _builder_version=\u00bb4.18.1&#8243; global_colors_info=\u00bb{}\u00bb]<\/p>\n<h1>En t\u00e9rminos concretos, \u00bfc\u00f3mo va?<\/h1>\n<p>[\/et_pb_text][et_pb_text admin_label=\u00bbPour Thibault, la session commence\u00bb _builder_version=\u00bb4.18.1&#8243; global_colors_info=\u00bb{}\u00bb]<\/p>\n<p>Para Thibault, \u00abla sesi\u00f3n en realidad empieza una semana antes si quieres hacer las cosas bien, sobre todo para recordar la sesi\u00f3n anterior, el informe, el trabajo, las lecturas recomendadas por otros.\u00bb<\/p>\n<p>Cada sesi\u00f3n est\u00e1 minuciosamente organizada y supervisada por el equipo de voluntarios de Grand D\u00e9fi. La agenda se articula en torno a 3 etapas:<\/p>\n<ul>\n<li>Tiempo para aprender con conferencias sobre el clima dirigidas por ponentes de la regi\u00f3n o la ciudad anfitriona, organizaciones cient\u00edficas como el IPCC o incluso empresas locales inspiradoras que vienen a compartir su cambio de pol\u00edtica y\/o sus mejores pr\u00e1cticas.<\/ li>\n<li>Tiempo de reflexi\u00f3n durante talleres en peque\u00f1os grupos de 10 sobre todos los temas de la empresa: gobierno, finanzas e inversiones, compras y dise\u00f1o, producci\u00f3n, indicadores&#8230;<\/li>\n<li>Momentos de intercambio y puesta en com\u00fan de informaci\u00f3n, art\u00edculos y libros entre los delegados; todos los informes, trabajos y lecturas est\u00e1n disponibles para todos en una base de datos com\u00fan enriquecida diariamente.<\/li>\n<\/ul>\n<p>\u201cNuestro objetivo es encontrar soluciones, proponer medidas innovadoras o generalizar medidas ya probadas y vigentes en determinadas empresas. El objetivo tambi\u00e9n es mover la legislaci\u00f3n cuando sea necesario, incluso si no es obvio.\u00bb<\/p>\n<p>Despu\u00e9s de 3 sesiones m\u00e1s centradas en el contexto y la investigaci\u00f3n de mercado, la 4<sup>\u00aa<\/sup> sesi\u00f3n fue una oportunidad para establecer las primeras propuestas, pero \u00abtodav\u00eda habr\u00e1 que tener un poco de paciencia para conocerlas. Ser\u00e1n presentados en Par\u00eds a mediados de diciembre durante la 5<sup>\u00aa<\/sup> sesi\u00f3n\u00bb, recuerda Thibault.<\/p>\n<p>Pragm\u00e1ticamente, el Grand D\u00e9fi tiene como objetivo llevar a todas las empresas francesas hacia el cambio, embarcando ya al 10 % de ellas (por convicci\u00f3n o por obligaci\u00f3n legal) en una transici\u00f3n ecol\u00f3gica real.< \/p>[\/et_pb_text][\/et_pb_column][\/et_pb_row][et_pb_row column_structure=\u00bb1_2,1_2&#8243; admin_label=\u00bbEl mensaje de Thibault\u00bb _builder_version=\u00bb4.18.1&#8243; _module_preset=\u00bbdefault\u00bb collapsed=\u00bbon\u00bb global_colors_info=\u00bb{}\u00bb][et_pb_column type=\u00bb1_2&#8243; _builder_version=\u00bb4.18.1&#8243; _module_preset=\u00bbdefault\u00bb global_colors_info=\u00bb{}\u00bb][et_pb_text admin_label=\u00bbTitre &#8211; Le message de Thibault\u00bb _builder_version=\u00bb4.18.1&#8243; global_colors_info=\u00bb{}\u00bb]<\/p>\n<h1>El mensaje de Thibault: \u00ab\u00a1Se trata de avanzar, cada uno a su propio nivel!\u00bb<\/h1>\n<p>[\/et_pb_text][et_pb_text admin_label=\u00bbFace \u00e0 l\u2019ampleur de la t\u00e2che\u00bb _builder_version=\u00bb4.18.1&#8243; global_colors_info=\u00bb{}\u00bb]<\/p>\n<p>Ante la magnitud de la tarea, Thibault quiere ser optimista. \u00abSi avanzamos, solo podemos tener raz\u00f3n. Como muchos, he avanzado enormemente en mi camino durante el confinamiento. Favorece los cortocircuitos, clasifica mejor los residuos, consume local y de segunda mano. \u00bfRealmente necesito comprar uno nuevo? Tantas preguntas que me tom\u00e9 m\u00e1s tiempo para hacerme\u00bb.<\/p>\n<p>Y Thibault est\u00e1 convencido: \u00a1todos pueden hacerlo a su nivel! El Gran Desaf\u00edo tambi\u00e9n se utiliza para esto: \u00abtocamos empresas que tocan empresas que tocan personas\u00bb. M\u00e1s all\u00e1 del enfoque econ\u00f3mico, tambi\u00e9n es una oportunidad para beneficiarse de un extraordinario efecto bola de nieve.<\/p>\n<p>[\/et_pb_text][\/et_pb_column][et_pb_column type=\u00bb1_2&#8243; _builder_version=\u00bb4.18.1&#8243; _module_preset=\u00bbdefault\u00bb global_colors_info=\u00bb{}\u00bb][et_pb_text admin_label=\u00bbThibault\u00bb _builder_version=\u00bb4.18.1&#8243; text_text_color=\u00bb#FFFFFF\u00bb header_text_color=\u00bb#FFFFFF\u00bb background_color=\u00bb#009C49&#8243; custom_padding=\u00bb15px|15px|15px|15px|true|true\u00bb global_colors_info=\u00bb{}\u00bb]<\/p>\n<h1>Thibault<\/h1>\n<p>&nbsp;<\/p>\n<p>Ingeniero de desarrollo en Astek desde enero de 2022. Thibault es ante todo un cient\u00edfico. Fueron los estudios de geolog\u00eda los que lo iniciaron en temas ambientales.<\/p>\n<p>Hoy, Thibault se describe a s\u00ed mismo como un \u00abactivista optimista\u00bb para quien la \u00fanica forma de sacar adelante el tema es haciendo que las cosas sucedan a tu alrededor, en los que te rodean y en tu empresa. Como resultado, probar suerte para representar a Astek en el Grand D\u00e9fi era obvio y una oportunidad de participar en una iniciativa global con un alcance mucho mayor.<\/p>\n<p>[\/et_pb_text][\/et_pb_column][\/et_pb_row][et_pb_row admin_label=\u00bbNecesitamos informar\u00bb _builder_version=\u00bb4.18.1&#8243; _module_preset=\u00bbdefault\u00bb collapsed=\u00bbon\u00bb global_colors_info=\u00bb{}\u00bb][et_pb_column type=\u00bb4_4&#8243; _builder_version=\u00bb4.18.1&#8243; _module_preset=\u00bbdefault\u00bb global_colors_info=\u00bb{}\u00bb][et_pb_text admin_label=\u00bbIl faut informer\u00bb _builder_version=\u00bb4.18.1&#8243; global_colors_info=\u00bb{}\u00bb]<\/p>\n<p>Necesitamos informar, concienciar e intercambiar buenas pr\u00e1cticas. Y toda la inversi\u00f3n de Thibault est\u00e1 ah\u00ed. Proactivo dentro del Grupo, est\u00e1 dispuesto a invertir m\u00e1s para abrir intercambios tanto externos como internos durante seminarios web o talleres, o incluso liderando grupos de trabajo con otros empleados interesados&#8230; seguir&#8230;<\/p>\n<p>[\/et_pb_text][\/et_pb_column][\/et_pb_row][\/et_pb_section]<\/p>\n","protected":false},"excerpt":{"rendered":"<p>Desde junio de 2022, Thibault Josselin es el delegado de Astek en el Grand D\u00e9fi pour la Plan\u00e8te.<br \/>\nDespu\u00e9s de 4 sesiones, es el momento de hacer una primera valoraci\u00f3n de la inversi\u00f3n de este ingeniero bret\u00f3n que se compromete d\u00eda a d\u00eda para que las cosas sucedan!<\/p>\n","protected":false},"author":98,"featured_media":96764,"comment_status":"closed","ping_status":"closed","sticky":false,"template":"","format":"standard","meta":{"_et_pb_use_builder":"on","_et_pb_old_content":"","_et_gb_content_width":"","footnotes":""},"categories":[70,601],"tags":[],"class_list":["post-95559","post","type-post","status-publish","format-standard","has-post-thumbnail","hentry","category-astekjob-post","category-astekjob-es"],"yoast_head":"<!-- This site is optimized with the Yoast SEO plugin v27.5 - https:\/\/yoast.com\/product\/yoast-seo-wordpress\/ -->\n<title>Gran Desaf\u00edo para el Planeta - A mitad de camino - Astekjob<\/title>\n<meta name=\"description\" content=\"Thibault Josselin es el delegado de Astek en el Grand D\u00e9fi por el planeta. Despu\u00e9s de 4 sesiones, hagamos una primera evaluaci\u00f3n.\" \/>\n<meta name=\"robots\" content=\"index, follow, max-snippet:-1, max-image-preview:large, max-video-preview:-1\" \/>\n<link rel=\"canonical\" href=\"https:\/\/astekjob.fr\/es\/2022\/gran-desafio-para-el-planeta-revision-intermedia-con-nuestro-delegado-de-astek-thibault-josselin\/\" \/>\n<meta property=\"og:locale\" content=\"es_ES\" \/>\n<meta property=\"og:type\" content=\"article\" \/>\n<meta property=\"og:title\" content=\"Gran Desaf\u00edo para el Planeta - A mitad de camino - Astekjob\" \/>\n<meta property=\"og:description\" content=\"Thibault Josselin es el delegado de Astek en el Grand D\u00e9fi por el planeta. Despu\u00e9s de 4 sesiones, hagamos una primera evaluaci\u00f3n.\" \/>\n<meta property=\"og:url\" content=\"https:\/\/astekjob.fr\/es\/2022\/gran-desafio-para-el-planeta-revision-intermedia-con-nuestro-delegado-de-astek-thibault-josselin\/\" \/>\n<meta property=\"og:site_name\" content=\"Astekjob\" \/>\n<meta property=\"article:published_time\" content=\"2022-11-08T13:47:34+00:00\" \/>\n<meta property=\"article:modified_time\" content=\"2022-11-14T08:08:43+00:00\" \/>\n<meta property=\"og:image\" content=\"https:\/\/astekjob.fr\/wp-content\/uploads\/2022\/11\/Le-Grand-Defi-pour-la-planete-1.png\" \/>\n\t<meta property=\"og:image:width\" content=\"1500\" \/>\n\t<meta property=\"og:image:height\" content=\"843\" \/>\n\t<meta property=\"og:image:type\" content=\"image\/png\" \/>\n<meta name=\"author\" content=\"Astek\" \/>\n<meta name=\"twitter:card\" content=\"summary_large_image\" \/>\n<meta name=\"twitter:label1\" content=\"Escrito por\" \/>\n\t<meta name=\"twitter:data1\" content=\"Astek\" \/>\n\t<meta name=\"twitter:label2\" content=\"Tiempo de lectura\" \/>\n\t<meta name=\"twitter:data2\" content=\"8 minutos\" \/>\n<script type=\"application\/ld+json\" class=\"yoast-schema-graph\">{\"@context\":\"https:\\\/\\\/schema.org\",\"@graph\":[{\"@type\":\"Article\",\"@id\":\"https:\\\/\\\/astekjob.fr\\\/es\\\/2022\\\/gran-desafio-para-el-planeta-revision-intermedia-con-nuestro-delegado-de-astek-thibault-josselin\\\/#article\",\"isPartOf\":{\"@id\":\"https:\\\/\\\/astekjob.fr\\\/es\\\/2022\\\/gran-desafio-para-el-planeta-revision-intermedia-con-nuestro-delegado-de-astek-thibault-josselin\\\/\"},\"author\":{\"name\":\"Astek\",\"@id\":\"https:\\\/\\\/astekjob.fr\\\/es\\\/#\\\/schema\\\/person\\\/bc86d396b144b9e77e73be0c30af32f0\"},\"headline\":\"Gran Desaf\u00edo para el Planeta: revisi\u00f3n intermedia con nuestro delegado de Astek, Thibault Josselin\",\"datePublished\":\"2022-11-08T13:47:34+00:00\",\"dateModified\":\"2022-11-14T08:08:43+00:00\",\"mainEntityOfPage\":{\"@id\":\"https:\\\/\\\/astekjob.fr\\\/es\\\/2022\\\/gran-desafio-para-el-planeta-revision-intermedia-con-nuestro-delegado-de-astek-thibault-josselin\\\/\"},\"wordCount\":1563,\"publisher\":{\"@id\":\"https:\\\/\\\/astekjob.fr\\\/es\\\/#organization\"},\"image\":{\"@id\":\"https:\\\/\\\/astekjob.fr\\\/es\\\/2022\\\/gran-desafio-para-el-planeta-revision-intermedia-con-nuestro-delegado-de-astek-thibault-josselin\\\/#primaryimage\"},\"thumbnailUrl\":\"https:\\\/\\\/astekjob.fr\\\/wp-content\\\/uploads\\\/2022\\\/11\\\/Le-Grand-Defi-pour-la-planete-1.png\",\"articleSection\":[\"Astekjob\",\"Astekjob\"],\"inLanguage\":\"es\"},{\"@type\":\"WebPage\",\"@id\":\"https:\\\/\\\/astekjob.fr\\\/es\\\/2022\\\/gran-desafio-para-el-planeta-revision-intermedia-con-nuestro-delegado-de-astek-thibault-josselin\\\/\",\"url\":\"https:\\\/\\\/astekjob.fr\\\/es\\\/2022\\\/gran-desafio-para-el-planeta-revision-intermedia-con-nuestro-delegado-de-astek-thibault-josselin\\\/\",\"name\":\"Gran Desaf\u00edo para el Planeta - A mitad de camino - Astekjob\",\"isPartOf\":{\"@id\":\"https:\\\/\\\/astekjob.fr\\\/es\\\/#website\"},\"primaryImageOfPage\":{\"@id\":\"https:\\\/\\\/astekjob.fr\\\/es\\\/2022\\\/gran-desafio-para-el-planeta-revision-intermedia-con-nuestro-delegado-de-astek-thibault-josselin\\\/#primaryimage\"},\"image\":{\"@id\":\"https:\\\/\\\/astekjob.fr\\\/es\\\/2022\\\/gran-desafio-para-el-planeta-revision-intermedia-con-nuestro-delegado-de-astek-thibault-josselin\\\/#primaryimage\"},\"thumbnailUrl\":\"https:\\\/\\\/astekjob.fr\\\/wp-content\\\/uploads\\\/2022\\\/11\\\/Le-Grand-Defi-pour-la-planete-1.png\",\"datePublished\":\"2022-11-08T13:47:34+00:00\",\"dateModified\":\"2022-11-14T08:08:43+00:00\",\"description\":\"Thibault Josselin es el delegado de Astek en el Grand D\u00e9fi por el planeta. Despu\u00e9s de 4 sesiones, hagamos una primera evaluaci\u00f3n.\",\"breadcrumb\":{\"@id\":\"https:\\\/\\\/astekjob.fr\\\/es\\\/2022\\\/gran-desafio-para-el-planeta-revision-intermedia-con-nuestro-delegado-de-astek-thibault-josselin\\\/#breadcrumb\"},\"inLanguage\":\"es\",\"potentialAction\":[{\"@type\":\"ReadAction\",\"target\":[\"https:\\\/\\\/astekjob.fr\\\/es\\\/2022\\\/gran-desafio-para-el-planeta-revision-intermedia-con-nuestro-delegado-de-astek-thibault-josselin\\\/\"]}]},{\"@type\":\"ImageObject\",\"inLanguage\":\"es\",\"@id\":\"https:\\\/\\\/astekjob.fr\\\/es\\\/2022\\\/gran-desafio-para-el-planeta-revision-intermedia-con-nuestro-delegado-de-astek-thibault-josselin\\\/#primaryimage\",\"url\":\"https:\\\/\\\/astekjob.fr\\\/wp-content\\\/uploads\\\/2022\\\/11\\\/Le-Grand-Defi-pour-la-planete-1.png\",\"contentUrl\":\"https:\\\/\\\/astekjob.fr\\\/wp-content\\\/uploads\\\/2022\\\/11\\\/Le-Grand-Defi-pour-la-planete-1.png\",\"width\":1500,\"height\":843,\"caption\":\"Le Grand D\u00e9fi pour la plan\u00e8te\"},{\"@type\":\"BreadcrumbList\",\"@id\":\"https:\\\/\\\/astekjob.fr\\\/es\\\/2022\\\/gran-desafio-para-el-planeta-revision-intermedia-con-nuestro-delegado-de-astek-thibault-josselin\\\/#breadcrumb\",\"itemListElement\":[{\"@type\":\"ListItem\",\"position\":1,\"name\":\"Accueil\",\"item\":\"https:\\\/\\\/astekjob.fr\\\/es\\\/\"},{\"@type\":\"ListItem\",\"position\":2,\"name\":\"Gran Desaf\u00edo para el Planeta: revisi\u00f3n intermedia con nuestro delegado de Astek, Thibault Josselin\"}]},{\"@type\":\"WebSite\",\"@id\":\"https:\\\/\\\/astekjob.fr\\\/es\\\/#website\",\"url\":\"https:\\\/\\\/astekjob.fr\\\/es\\\/\",\"name\":\"Astekjob\",\"description\":\"Le site de recrutement du Groupe Astek\",\"publisher\":{\"@id\":\"https:\\\/\\\/astekjob.fr\\\/es\\\/#organization\"},\"alternateName\":\"Astekjob\",\"potentialAction\":[{\"@type\":\"SearchAction\",\"target\":{\"@type\":\"EntryPoint\",\"urlTemplate\":\"https:\\\/\\\/astekjob.fr\\\/es\\\/?s={search_term_string}\"},\"query-input\":{\"@type\":\"PropertyValueSpecification\",\"valueRequired\":true,\"valueName\":\"search_term_string\"}}],\"inLanguage\":\"es\"},{\"@type\":\"Organization\",\"@id\":\"https:\\\/\\\/astekjob.fr\\\/es\\\/#organization\",\"name\":\"Groupe Astek\",\"url\":\"https:\\\/\\\/astekjob.fr\\\/es\\\/\",\"logo\":{\"@type\":\"ImageObject\",\"inLanguage\":\"es\",\"@id\":\"https:\\\/\\\/astekjob.fr\\\/es\\\/#\\\/schema\\\/logo\\\/image\\\/\",\"url\":\"https:\\\/\\\/astekjob.fr\\\/wp-content\\\/uploads\\\/2021\\\/11\\\/Astek-Group_Hor_Officiel.png\",\"contentUrl\":\"https:\\\/\\\/astekjob.fr\\\/wp-content\\\/uploads\\\/2021\\\/11\\\/Astek-Group_Hor_Officiel.png\",\"width\":1215,\"height\":307,\"caption\":\"Groupe Astek\"},\"image\":{\"@id\":\"https:\\\/\\\/astekjob.fr\\\/es\\\/#\\\/schema\\\/logo\\\/image\\\/\"},\"sameAs\":[\"https:\\\/\\\/www.linkedin.com\\\/company\\\/astek\\\/\"]},{\"@type\":\"Person\",\"@id\":\"https:\\\/\\\/astekjob.fr\\\/es\\\/#\\\/schema\\\/person\\\/bc86d396b144b9e77e73be0c30af32f0\",\"name\":\"Astek\",\"image\":{\"@type\":\"ImageObject\",\"inLanguage\":\"es\",\"@id\":\"https:\\\/\\\/secure.gravatar.com\\\/avatar\\\/bcf3f220e533cddd2d1458df16994cf22b31161ded9be4ea9f803d0a2408852e?s=96&d=mm&r=g\",\"url\":\"https:\\\/\\\/secure.gravatar.com\\\/avatar\\\/bcf3f220e533cddd2d1458df16994cf22b31161ded9be4ea9f803d0a2408852e?s=96&d=mm&r=g\",\"contentUrl\":\"https:\\\/\\\/secure.gravatar.com\\\/avatar\\\/bcf3f220e533cddd2d1458df16994cf22b31161ded9be4ea9f803d0a2408852e?s=96&d=mm&r=g\",\"caption\":\"Astek\"},\"url\":\"https:\\\/\\\/astekjob.fr\\\/es\\\/author\\\/astek\\\/\"}]}<\/script>\n<!-- \/ Yoast SEO plugin. -->","yoast_head_json":{"title":"Gran Desaf\u00edo para el Planeta - A mitad de camino - Astekjob","description":"Thibault Josselin es el delegado de Astek en el Grand D\u00e9fi por el planeta. Despu\u00e9s de 4 sesiones, hagamos una primera evaluaci\u00f3n.","robots":{"index":"index","follow":"follow","max-snippet":"max-snippet:-1","max-image-preview":"max-image-preview:large","max-video-preview":"max-video-preview:-1"},"canonical":"https:\/\/astekjob.fr\/es\/2022\/gran-desafio-para-el-planeta-revision-intermedia-con-nuestro-delegado-de-astek-thibault-josselin\/","og_locale":"es_ES","og_type":"article","og_title":"Gran Desaf\u00edo para el Planeta - A mitad de camino - Astekjob","og_description":"Thibault Josselin es el delegado de Astek en el Grand D\u00e9fi por el planeta. Despu\u00e9s de 4 sesiones, hagamos una primera evaluaci\u00f3n.","og_url":"https:\/\/astekjob.fr\/es\/2022\/gran-desafio-para-el-planeta-revision-intermedia-con-nuestro-delegado-de-astek-thibault-josselin\/","og_site_name":"Astekjob","article_published_time":"2022-11-08T13:47:34+00:00","article_modified_time":"2022-11-14T08:08:43+00:00","og_image":[{"width":1500,"height":843,"url":"https:\/\/astekjob.fr\/wp-content\/uploads\/2022\/11\/Le-Grand-Defi-pour-la-planete-1.png","type":"image\/png"}],"author":"Astek","twitter_card":"summary_large_image","twitter_misc":{"Escrito por":"Astek","Tiempo de lectura":"8 minutos"},"schema":{"@context":"https:\/\/schema.org","@graph":[{"@type":"Article","@id":"https:\/\/astekjob.fr\/es\/2022\/gran-desafio-para-el-planeta-revision-intermedia-con-nuestro-delegado-de-astek-thibault-josselin\/#article","isPartOf":{"@id":"https:\/\/astekjob.fr\/es\/2022\/gran-desafio-para-el-planeta-revision-intermedia-con-nuestro-delegado-de-astek-thibault-josselin\/"},"author":{"name":"Astek","@id":"https:\/\/astekjob.fr\/es\/#\/schema\/person\/bc86d396b144b9e77e73be0c30af32f0"},"headline":"Gran Desaf\u00edo para el Planeta: revisi\u00f3n intermedia con nuestro delegado de Astek, Thibault Josselin","datePublished":"2022-11-08T13:47:34+00:00","dateModified":"2022-11-14T08:08:43+00:00","mainEntityOfPage":{"@id":"https:\/\/astekjob.fr\/es\/2022\/gran-desafio-para-el-planeta-revision-intermedia-con-nuestro-delegado-de-astek-thibault-josselin\/"},"wordCount":1563,"publisher":{"@id":"https:\/\/astekjob.fr\/es\/#organization"},"image":{"@id":"https:\/\/astekjob.fr\/es\/2022\/gran-desafio-para-el-planeta-revision-intermedia-con-nuestro-delegado-de-astek-thibault-josselin\/#primaryimage"},"thumbnailUrl":"https:\/\/astekjob.fr\/wp-content\/uploads\/2022\/11\/Le-Grand-Defi-pour-la-planete-1.png","articleSection":["Astekjob","Astekjob"],"inLanguage":"es"},{"@type":"WebPage","@id":"https:\/\/astekjob.fr\/es\/2022\/gran-desafio-para-el-planeta-revision-intermedia-con-nuestro-delegado-de-astek-thibault-josselin\/","url":"https:\/\/astekjob.fr\/es\/2022\/gran-desafio-para-el-planeta-revision-intermedia-con-nuestro-delegado-de-astek-thibault-josselin\/","name":"Gran Desaf\u00edo para el Planeta - A mitad de camino - Astekjob","isPartOf":{"@id":"https:\/\/astekjob.fr\/es\/#website"},"primaryImageOfPage":{"@id":"https:\/\/astekjob.fr\/es\/2022\/gran-desafio-para-el-planeta-revision-intermedia-con-nuestro-delegado-de-astek-thibault-josselin\/#primaryimage"},"image":{"@id":"https:\/\/astekjob.fr\/es\/2022\/gran-desafio-para-el-planeta-revision-intermedia-con-nuestro-delegado-de-astek-thibault-josselin\/#primaryimage"},"thumbnailUrl":"https:\/\/astekjob.fr\/wp-content\/uploads\/2022\/11\/Le-Grand-Defi-pour-la-planete-1.png","datePublished":"2022-11-08T13:47:34+00:00","dateModified":"2022-11-14T08:08:43+00:00","description":"Thibault Josselin es el delegado de Astek en el Grand D\u00e9fi por el planeta. Despu\u00e9s de 4 sesiones, hagamos una primera evaluaci\u00f3n.","breadcrumb":{"@id":"https:\/\/astekjob.fr\/es\/2022\/gran-desafio-para-el-planeta-revision-intermedia-con-nuestro-delegado-de-astek-thibault-josselin\/#breadcrumb"},"inLanguage":"es","potentialAction":[{"@type":"ReadAction","target":["https:\/\/astekjob.fr\/es\/2022\/gran-desafio-para-el-planeta-revision-intermedia-con-nuestro-delegado-de-astek-thibault-josselin\/"]}]},{"@type":"ImageObject","inLanguage":"es","@id":"https:\/\/astekjob.fr\/es\/2022\/gran-desafio-para-el-planeta-revision-intermedia-con-nuestro-delegado-de-astek-thibault-josselin\/#primaryimage","url":"https:\/\/astekjob.fr\/wp-content\/uploads\/2022\/11\/Le-Grand-Defi-pour-la-planete-1.png","contentUrl":"https:\/\/astekjob.fr\/wp-content\/uploads\/2022\/11\/Le-Grand-Defi-pour-la-planete-1.png","width":1500,"height":843,"caption":"Le Grand D\u00e9fi pour la plan\u00e8te"},{"@type":"BreadcrumbList","@id":"https:\/\/astekjob.fr\/es\/2022\/gran-desafio-para-el-planeta-revision-intermedia-con-nuestro-delegado-de-astek-thibault-josselin\/#breadcrumb","itemListElement":[{"@type":"ListItem","position":1,"name":"Accueil","item":"https:\/\/astekjob.fr\/es\/"},{"@type":"ListItem","position":2,"name":"Gran Desaf\u00edo para el Planeta: revisi\u00f3n intermedia con nuestro delegado de Astek, Thibault Josselin"}]},{"@type":"WebSite","@id":"https:\/\/astekjob.fr\/es\/#website","url":"https:\/\/astekjob.fr\/es\/","name":"Astekjob","description":"Le site de recrutement du Groupe Astek","publisher":{"@id":"https:\/\/astekjob.fr\/es\/#organization"},"alternateName":"Astekjob","potentialAction":[{"@type":"SearchAction","target":{"@type":"EntryPoint","urlTemplate":"https:\/\/astekjob.fr\/es\/?s={search_term_string}"},"query-input":{"@type":"PropertyValueSpecification","valueRequired":true,"valueName":"search_term_string"}}],"inLanguage":"es"},{"@type":"Organization","@id":"https:\/\/astekjob.fr\/es\/#organization","name":"Groupe Astek","url":"https:\/\/astekjob.fr\/es\/","logo":{"@type":"ImageObject","inLanguage":"es","@id":"https:\/\/astekjob.fr\/es\/#\/schema\/logo\/image\/","url":"https:\/\/astekjob.fr\/wp-content\/uploads\/2021\/11\/Astek-Group_Hor_Officiel.png","contentUrl":"https:\/\/astekjob.fr\/wp-content\/uploads\/2021\/11\/Astek-Group_Hor_Officiel.png","width":1215,"height":307,"caption":"Groupe Astek"},"image":{"@id":"https:\/\/astekjob.fr\/es\/#\/schema\/logo\/image\/"},"sameAs":["https:\/\/www.linkedin.com\/company\/astek\/"]},{"@type":"Person","@id":"https:\/\/astekjob.fr\/es\/#\/schema\/person\/bc86d396b144b9e77e73be0c30af32f0","name":"Astek","image":{"@type":"ImageObject","inLanguage":"es","@id":"https:\/\/secure.gravatar.com\/avatar\/bcf3f220e533cddd2d1458df16994cf22b31161ded9be4ea9f803d0a2408852e?s=96&d=mm&r=g","url":"https:\/\/secure.gravatar.com\/avatar\/bcf3f220e533cddd2d1458df16994cf22b31161ded9be4ea9f803d0a2408852e?s=96&d=mm&r=g","contentUrl":"https:\/\/secure.gravatar.com\/avatar\/bcf3f220e533cddd2d1458df16994cf22b31161ded9be4ea9f803d0a2408852e?s=96&d=mm&r=g","caption":"Astek"},"url":"https:\/\/astekjob.fr\/es\/author\/astek\/"}]}},"_links":{"self":[{"href":"https:\/\/astekjob.fr\/es\/wp-json\/wp\/v2\/posts\/95559","targetHints":{"allow":["GET"]}}],"collection":[{"href":"https:\/\/astekjob.fr\/es\/wp-json\/wp\/v2\/posts"}],"about":[{"href":"https:\/\/astekjob.fr\/es\/wp-json\/wp\/v2\/types\/post"}],"author":[{"embeddable":true,"href":"https:\/\/astekjob.fr\/es\/wp-json\/wp\/v2\/users\/98"}],"replies":[{"embeddable":true,"href":"https:\/\/astekjob.fr\/es\/wp-json\/wp\/v2\/comments?post=95559"}],"version-history":[{"count":0,"href":"https:\/\/astekjob.fr\/es\/wp-json\/wp\/v2\/posts\/95559\/revisions"}],"wp:featuredmedia":[{"embeddable":true,"href":"https:\/\/astekjob.fr\/es\/wp-json\/wp\/v2\/media\/96764"}],"wp:attachment":[{"href":"https:\/\/astekjob.fr\/es\/wp-json\/wp\/v2\/media?parent=95559"}],"wp:term":[{"taxonomy":"category","embeddable":true,"href":"https:\/\/astekjob.fr\/es\/wp-json\/wp\/v2\/categories?post=95559"},{"taxonomy":"post_tag","embeddable":true,"href":"https:\/\/astekjob.fr\/es\/wp-json\/wp\/v2\/tags?post=95559"}],"curies":[{"name":"wp","href":"https:\/\/api.w.org\/{rel}","templated":true}]}}